{"id":58507,"date":"2024-03-08T23:29:45","date_gmt":"2024-03-08T23:29:45","guid":{"rendered":"https:\/\/blog.corretoraideal.com.br\/?p=58507"},"modified":"2024-03-08T23:29:45","modified_gmt":"2024-03-08T23:29:45","slug":"itaperuna-vai-realizar-campanha-de-adocao-de-animais-neste-sabado-norte-fluminense-g1","status":"publish","type":"post","link":"https:\/\/blog.corretoraideal.com.br\/index.php\/2024\/03\/08\/itaperuna-vai-realizar-campanha-de-adocao-de-animais-neste-sabado-norte-fluminense-g1\/","title":{"rendered":"Itaperuna vai realizar campanha de ado\u00e7\u00e3o de animais neste s\u00e1bado | Norte Fluminense | G1"},"content":{"rendered":"<br \/>\n<h1>Itaperuna vai realizar campanha de ado\u00e7\u00e3o de animais neste s\u00e1bado <\/h1>\n<h2>O atendimento ser\u00e1 a partir das 8h na Feira Livre da cidade. <\/h2>\n<p> Por g1 &mdash; Itaperuna  <\/p>\n<p>  08\/03\/2024 17h37    Atualizado  08\/03\/2024    <\/p>\n<p>                      1 de 1&#013;Isis Vit\u00f3ria Marques visitando uma das campanhas de ado\u00e7\u00e3o de animais em Itaperuna \u2014 Foto: Arquivo pessoal    <\/p>\n<p> Isis Vit\u00f3ria Marques visitando uma das campanhas de ado\u00e7\u00e3o de animais em Itaperuna \u2014 Foto: Arquivo pessoal <\/p>\n<p> Neste s\u00e1bado (8), a cidade de <a class href=\"https:\/\/g1.globo.com\/rj\/norte-fluminense\/cidade\/itaperuna\/\">Itaperuna<\/a>, no Norte Fluminense, ter\u00e1 uma campanha de ado\u00e7\u00e3o de animais, a partir das 8h, na Feira Livre de Itaperuna, que fica na Avenida Presidente Dutra, Cidade Nova. <\/p>\n<p> Os interessados em adotar algum animal devem comparecer no local com CPF, RG e um comprovante de resid\u00eancia. A campanha ser\u00e1 at\u00e9 meio-dia. <\/p>\n<p> &quot;Lembre-se de que, ao adotar um animal de estima\u00e7\u00e3o \u00e9 para a vida toda. Um pet pode viver de 10 a 15 anos e passa a fazer parte da fam\u00edlia. Fa\u00e7a a diferen\u00e7a na vida de um pet e proporcione a ele um lar cheio de carinho\u2757? Contamos com sua presen\u00e7a para tornar esta campanha um sucesso! ??&quot;, convidou a Prefeitura de Itaperuna nas redes socais. <\/p>\n<p> Segunda a Prefeitura, todos os animais est\u00e3o devidamente cuidados e vacinados. <\/p>\n<p> Mais informa\u00e7\u00f5es podem ser obtidas pelo telefone (22) 99938-7991 (Leandro Salles). <\/p>\n<ul>\n<li> <a href=\"https:\/\/g1.globo.com\/rj\/norte-fluminense\/cidade\/itaperuna\/\" class=\"entities__list-itemLink\" data-track-click=\"Itaperuna\"> Itaperuna <\/a> <\/li>\n<\/ul>\n<h3> <a id=\"js-next-article-desktop-link\" class=\"next-article-desktop-link\"><\/a> <\/h3>\n<h3> <a id=\"js-next-article-smart-link\" class=\"next-article-smart-link\"><\/a> <\/h3>\n<p>Veja tamb\u00e9m<\/p>\n<\/p>\n<\/p>\n<p>       Anterior   Pr\u00f3ximo     <\/p>\n","protected":false},"excerpt":{"rendered":"<p>Itaperuna vai realizar campanha de ado\u00e7\u00e3o de animais neste s\u00e1bado O atendimento ser\u00e1 a partir das 8h na Feira Livre da cidade. Por g1 &mdash; Itaperuna 08\/03\/2024 17h37 Atualizado 08\/03\/2024 1 de 1&#013;Isis Vit\u00f3ria Marques visitando uma das campanhas de ado\u00e7\u00e3o de animais em Itaperuna \u2014 Foto: Arquivo pessoal Isis Vit\u00f3ria Marques visitando uma das [&hellip;]<\/p>\n","protected":false},"author":1,"featured_media":0,"comment_status":"closed","ping_status":"closed","sticky":false,"template":"","format":"standard","meta":{"footnotes":""},"categories":[],"tags":[],"class_list":["post-58507","post","type-post","status-publish","format-standard","hentry"],"_links":{"self":[{"href":"https:\/\/blog.corretoraideal.com.br\/index.php\/wp-json\/wp\/v2\/posts\/58507","targetHints":{"allow":["GET"]}}],"collection":[{"href":"https:\/\/blog.corretoraideal.com.br\/index.php\/wp-json\/wp\/v2\/posts"}],"about":[{"href":"https:\/\/blog.corretoraideal.com.br\/index.php\/wp-json\/wp\/v2\/types\/post"}],"author":[{"embeddable":true,"href":"https:\/\/blog.corretoraideal.com.br\/index.php\/wp-json\/wp\/v2\/users\/1"}],"replies":[{"embeddable":true,"href":"https:\/\/blog.corretoraideal.com.br\/index.php\/wp-json\/wp\/v2\/comments?post=58507"}],"version-history":[{"count":1,"href":"https:\/\/blog.corretoraideal.com.br\/index.php\/wp-json\/wp\/v2\/posts\/58507\/revisions"}],"predecessor-version":[{"id":58509,"href":"https:\/\/blog.corretoraideal.com.br\/index.php\/wp-json\/wp\/v2\/posts\/58507\/revisions\/58509"}],"wp:attachment":[{"href":"https:\/\/blog.corretoraideal.com.br\/index.php\/wp-json\/wp\/v2\/media?parent=58507"}],"wp:term":[{"taxonomy":"category","embeddable":true,"href":"https:\/\/blog.corretoraideal.com.br\/index.php\/wp-json\/wp\/v2\/categories?post=58507"},{"taxonomy":"post_tag","embeddable":true,"href":"https:\/\/blog.corretoraideal.com.br\/index.php\/wp-json\/wp\/v2\/tags?post=58507"}],"curies":[{"name":"wp","href":"https:\/\/api.w.org\/{rel}","templated":true}]}}