{"id":58533,"date":"2024-03-09T21:29:44","date_gmt":"2024-03-09T21:29:44","guid":{"rendered":"https:\/\/blog.corretoraideal.com.br\/?p=58533"},"modified":"2024-03-09T21:29:44","modified_gmt":"2024-03-09T21:29:44","slug":"seca-e-ondas-de-calor-em-2023-custarao-r-700-milhoes-a-mais-na-conta-de-energia-economia-g1","status":"publish","type":"post","link":"https:\/\/blog.corretoraideal.com.br\/index.php\/2024\/03\/09\/seca-e-ondas-de-calor-em-2023-custarao-r-700-milhoes-a-mais-na-conta-de-energia-economia-g1\/","title":{"rendered":"Seca e ondas de calor em 2023 custar\u00e3o R$ 700 milh\u00f5es a mais na conta de energia | Economia | G1"},"content":{"rendered":"<br \/>\n<h1>Seca e ondas de calor em 2023 custar\u00e3o R$ 700 milh\u00f5es a mais na conta de energia<\/h1>\n<h2>Impacto m\u00e9dio na tarifa de energia vai ser de 0,3%, aplicado nos pr\u00f3ximos reajustes tarif\u00e1rios das distribuidoras. <\/h2>\n<p> Por <a class=\"multi_signatures\" href=\"https:\/\/g1.globo.com\/autores\/lais-carregosa\/\">Lais Carregosa<\/a>, g1 &mdash; Bras\u00edlia <\/p>\n<p>  09\/03\/2024 15h38    Atualizado  09\/03\/2024    <\/p>\n<p> O cen\u00e1rio de secas, ondas de calor e de menor gera\u00e7\u00e3o e\u00f3lica em 2023 vai custar, ao todo, R$ 700 milh\u00f5es a mais que o esperado na conta de energia para quem compra das distribuidoras. Os dados s\u00e3o da Ag\u00eancia Nacional de Energia El\u00e9trica (<a class href=\"https:\/\/g1.globo.com\/tudo-sobre\/aneel\/\">Aneel<\/a>), levantados a pedido do <a class href=\"https:\/\/g1.globo.com\/\"><strong>g1<\/strong><\/a><strong>.<\/strong> <\/p>\n<p> Apesar da alta, o impacto m\u00e9dio na tarifa de energia vai ser de 0,3%, aplicado nos pr\u00f3ximos reajustes tarif\u00e1rios das distribuidoras (entenda mais abaixo). <\/p>\n<p> Os n\u00fameros se referem ao aumento nos Encargos de Servi\u00e7o de Sistema (ESS) \u2014 pago na conta de luz para custear o acionamento de usinas termel\u00e9tricas em casos pontuais, necess\u00e1rio para garantir a seguran\u00e7a do sistema nacional. <\/p>\n<p>\u201c[Esses] encargos s\u00e3o para ressarcir geradores quando eles n\u00e3o estariam originalmente programados para gerar, mas, por uma raz\u00e3o ou por outra, o operador acaba programando\u201d, explicou Roberto Brand\u00e3o, o pesquisador do Grupo de Estudos do Setor El\u00e9trico (Gesel) da Universidade Federal do Rio de Janeiro (<a class href=\"https:\/\/g1.globo.com\/educacao\/universidade\/ufrj\/\">UFRJ<\/a>). <\/p>\n<p> Foi por meio do ESS que as <a class href=\"https:\/\/g1.globo.com\/economia\/noticia\/2023\/11\/17\/onda-de-calor-geracao-de-energia-termeletrica-alcanca-maior-patamar-desde-a-crise-hidrica-de-2021.ghtml\">usinas termel\u00e9tricas acionadas no ano passado foram remuneradas<\/a>. Segundo a C\u00e2mara de Comercializa\u00e7\u00e3o de Energia El\u00e9trica (CCEE), a eleva\u00e7\u00e3o se deve a: <\/p>\n<ul>\n<li>aumento do consumo, especialmente no hor\u00e1rio de pico (por volta das 19h); <\/li>\n<li>e queda na gera\u00e7\u00e3o de energia e\u00f3lica. <\/li>\n<\/ul>\n<p>\u201cIsso tem rela\u00e7\u00e3o com a temperatura tamb\u00e9m, por conta de ventiladores e ar-condicionado&quot;, concluiu a CCEE. <\/p>\n<p> O <a class href=\"https:\/\/g1.globo.com\/economia\/noticia\/2023\/11\/14\/onda-de-calor-faz-demanda-por-energia-bater-recorde-pelo-segundo-dia-seguido-diz-ons.ghtml\">consumo de energia bateu recorde em novembro de 2023<\/a>, por causa do calor. Em novembro e dezembro, a demanda aumentou com o uso de ares-condicionados e equipamentos de refrigera\u00e7\u00e3o. <\/p>\n<p> Al\u00e9m disso, segundo Brand\u00e3o, as hidrel\u00e9tricas do Norte costumam gerar menos energia nos \u00faltimos meses do ano, o que, por si s\u00f3, motiva o acionamento de usinas termel\u00e9tricas para suprir o consumo. Contudo, esse comportamento sazonal foi<a class href=\"https:\/\/g1.globo.com\/economia\/noticia\/2023\/10\/04\/apesar-da-seca-no-norte-conta-de-luz-deve-seguir-sem-cobranca-extra-ate-dezembro-diz-diretor-geral-da-aneel.ghtml\"> intensificado em 2023 pelo fen\u00f4meno clim\u00e1tico El Ni\u00f1o, que causou secas na regi\u00e3o<\/a>. <\/p>\n<p> &quot;Normalmente, essas usinas geram muito pouco no segundo semestre. [&#8230;] No ano passado, como a tivemos uma seca no Norte muito pronunciada, a situa\u00e7\u00e3o foi ainda pior\u201d, afirmou o pesquisador. <\/p>\n<p> Soma-se a esse cen\u00e1rio a menor gera\u00e7\u00e3o das usinas e\u00f3licas no fim do ano, per\u00edodo em que h\u00e1 uma queda sazonal. <\/p>\n<p> \u201cA gera\u00e7\u00e3o e\u00f3lica, na m\u00e9dia, \u00e9 mais intensa entre agosto e outubro. S\u00e3o os meses em que voc\u00ea tem grande gera\u00e7\u00e3o e\u00f3lica, o que muito \u00e9 bom, porque esse \u00e9 o per\u00edodo seco. Mas, sobretudo quando est\u00e1 chegando o final de um ano e in\u00edcio do seguinte, a gera\u00e7\u00e3o e\u00f3lica cai um pouco\u201d, afirmou Brand\u00e3o. <\/p>\n<p> Houve, ent\u00e3o, um cen\u00e1rio de consumo maior que o esperado, por causa do calor, junto a uma redu\u00e7\u00e3o na gera\u00e7\u00e3o hidrel\u00e9trica, por conta das secas e da gera\u00e7\u00e3o e\u00f3lica &#8212; cuja queda \u00e9 comum para esse per\u00edodo do ano. <\/p>\n<p>                   <img loading=\"lazy\" decoding=\"async\" class=\"aligncenter size-full wp-image-58535\" src=\"https:\/\/blog.corretoraideal.com.br\/wp-content\/uploads\/2024\/03\/aneel-libera-testes-de-aerogeradores-no-parque-eolico-coxilha-negra-em-santana-do-livramento.jpeg\" alt=\"Aneel libera testes de aerogeradores no Parque E\u00f3lico Coxilha Negra em Santana do Livramento\" width=\"800\" height=\"400\" \/>       <\/p>\n<p> Aneel libera testes de aerogeradores no Parque E\u00f3lico Coxilha Negra em Santana do Livramento <\/p>\n<p><h2>Valores maiores que o esperado <\/h2>\n<\/p>\n<p> O repasse dos valores do Encargos de Servi\u00e7o de Sistema ocorre anualmente, quando a Aneel reajusta as tarifas das distribuidoras de energia, no anivers\u00e1rio do contrato. Dessa forma, em todos os anos a Aneel faz uma proje\u00e7\u00e3o do quanto deve custar o ESS e incorpora esse valor no reajuste das distribuidoras. <\/p>\n<p> Para 2023, a proje\u00e7\u00e3o da Aneel, com base na previs\u00e3o anual do Operador Nacional do Sistema El\u00e9trico (<a class href=\"https:\/\/g1.globo.com\/tudo-sobre\/ons\/\">ONS<\/a>), era de R$ 142,9 milh\u00f5es. Contudo, as despesas reais chegaram a R$ 842,3 milh\u00f5es.<strong> <\/strong> <\/p>\n<p> A diferen\u00e7a de cerca de R$ 700 milh\u00f5es ser\u00e1 incorporada nos processos de reajuste de 2024, resultando numa eleva\u00e7\u00e3o da tarifa para o consumidor este ano. <\/p>\n<p> Esse aumento vai ter impacto de 0,3% na tarifa m\u00e9dia para o consumidor que compra energia das distribuidoras, segundo estimativa da Aneel. <\/p>\n<p> <strong>Veja a proje\u00e7\u00e3o e o valor efetivo dos encargos para as distribuidoras em 2023: <\/strong> <\/p>\n<p>   Encargos superaram proje\u00e7\u00e3o em cerca de R$ 700 milh\u00f5es Valores se referem ao que ser\u00e1 repassado para o mercado das distribuidoras, ou seja, para consumidores residenciais, pequenas empresas e com\u00e9rcios   Fonte: Ag\u00eancia Nacional de Energia El\u00e9trica (Aneel)   <\/p>\n<p><h2>Eleva\u00e7\u00e3o em novembro e dezembro <\/h2>\n<\/p>\n<p> Os valores da CCEE, que incluem todos os consumidores, apontam um pagamento de R$ 384,3 milh\u00f5es em novembro e de R$ 465,4 milh\u00f5es em dezembro \u2014 muito acima dos meses anteriores. <\/p>\n<p> A C\u00e2mara de Comercializa\u00e7\u00e3o faz a contabiliza\u00e7\u00e3o desses encargos para todos que compram energia no sistema, sejam distribuidoras ou consumidores livres \u2014 empresas que t\u00eam consumo alto e podem escolher o seu fornecedor de energia, negociando contratos. <\/p>\n<p> <strong>Veja os valores para todos os consumidores por m\u00eas: <\/strong> <\/p>\n<p>   Valor dos encargos para todos os consumidores, inclusive livres Consumidores livres s\u00e3o empresas com consumo de energia acima de R$ 10 mil por m\u00eas, que podem escolher os seus fornecedores   Fonte: C\u00e2mara de Comercializa\u00e7\u00e3o de Energia El\u00e9trica (CCEE)   <\/p>\n<p><h2>Bandeira tarif\u00e1ria <\/h2>\n<\/p>\n<p> Na \u00faltima ter\u00e7a-feira (5), a Aneel aprovou uma <a class href=\"https:\/\/g1.globo.com\/economia\/noticia\/2024\/03\/05\/aneel-aprova-reducao-de-ate-37percent-nas-bandeiras-tarifarias-cobrancas-extras-na-conta-de-energia.ghtml\">mudan\u00e7a no sistema de bandeiras tarif\u00e1rias<\/a> que pode transferir os valores que seriam cobrados dentro do Encargos de Servi\u00e7o de Sistema para as bandeiras. <\/p>\n<p> Na pr\u00e1tica, significa que os consumidores sentir\u00e3o o impacto do acionamento de t\u00e9rmicas mais cedo. <\/p>\n<ul>\n<li><strong>As bandeiras tarif\u00e1rias sinalizam o custo da gera\u00e7\u00e3o de energia. Ou seja, se \u00e9 preciso acionar usinas mais caras, o valor da energia tamb\u00e9m fica mais caro na conta de luz. <\/strong><\/li>\n<\/ul>\n<p> Isso \u00e9 sinalizado por cores: <\/p>\n<p> <strong>? bandeira verde<\/strong> \u2014 cen\u00e1rio favor\u00e1vel, n\u00e3o h\u00e1 cobran\u00e7a extra. <\/p>\n<p> <strong>? bandeira amarela<\/strong> \u2014 cen\u00e1rio menos favor\u00e1vel, cobran\u00e7a de R$ 18,85 por MWh (megawatt-hora) utilizado. <\/p>\n<p> ? <strong>bandeira vermelha patamar 1<\/strong> \u2014 condi\u00e7\u00f5es desfavor\u00e1veis, tarifa de R$ 44,63 por MWh utilizado. <\/p>\n<p> ?<strong> bandeira vermelha patamar 2<\/strong> \u2014 condi\u00e7\u00f5es muito desfavor\u00e1veis, tarifa de R$ 78,77 por MWh utilizado. <\/p>\n<p> A mudan\u00e7a implementada pela Aneel \u00e9 um novo \u201cgatilho\u201d para acionamento dessas bandeiras. Agora, quando o ONS precisar utilizar usinas termel\u00e9tricas de forma extraordin\u00e1ria e pontual para garantir o funcionamento do sistema, o custo dessa medida pode mudar a cor da bandeira depois. <\/p>\n<p> No modelo anterior, esse custo entrava no ESS. Ou seja, se a regra j\u00e1 estivesse em vigor no ano passado, esses R$ 700 milh\u00f5es de ESS que n\u00e3o estavam previstos e v\u00e3o entrar na conta em 2024 poderiam ter sido remunerados pelas bandeiras tarif\u00e1rias.<strong> <\/strong> <\/p>\n<ul>\n<li> <a href=\"https:\/\/g1.globo.com\/tudo-sobre\/aneel\/\" class=\"entities__list-itemLink\" data-track-click=\"Aneel\"> Aneel <\/a> <\/li>\n<li> <a href=\"https:\/\/g1.globo.com\/tudo-sobre\/ons\/\" class=\"entities__list-itemLink\" data-track-click=\"ONS\"> ONS <\/a> <\/li>\n<li> <a href=\"https:\/\/g1.globo.com\/educacao\/universidade\/ufrj\/\" class=\"entities__list-itemLink\" data-track-click=\"UFRJ\"> UFRJ <\/a> <\/li>\n<\/ul>\n<h3> <a id=\"js-next-article-desktop-link\" class=\"next-article-desktop-link\"><\/a> <\/h3>\n<h3> <a id=\"js-next-article-smart-link\" class=\"next-article-smart-link\"><\/a> <\/h3>\n<p>Veja tamb\u00e9m<\/p>\n<\/p>\n<\/p>\n<p>       Anterior   Pr\u00f3ximo     <\/p>\n","protected":false},"excerpt":{"rendered":"<p>Seca e ondas de calor em 2023 custar\u00e3o R$ 700 milh\u00f5es a mais na conta de energia Impacto m\u00e9dio na tarifa de energia vai ser de 0,3%, aplicado nos pr\u00f3ximos reajustes tarif\u00e1rios das distribuidoras. Por Lais Carregosa, g1 &mdash; Bras\u00edlia 09\/03\/2024 15h38 Atualizado 09\/03\/2024 O cen\u00e1rio de secas, ondas de calor e de menor gera\u00e7\u00e3o [&hellip;]<\/p>\n","protected":false},"author":1,"featured_media":0,"comment_status":"closed","ping_status":"closed","sticky":false,"template":"","format":"standard","meta":{"footnotes":""},"categories":[],"tags":[],"class_list":["post-58533","post","type-post","status-publish","format-standard","hentry"],"_links":{"self":[{"href":"https:\/\/blog.corretoraideal.com.br\/index.php\/wp-json\/wp\/v2\/posts\/58533","targetHints":{"allow":["GET"]}}],"collection":[{"href":"https:\/\/blog.corretoraideal.com.br\/index.php\/wp-json\/wp\/v2\/posts"}],"about":[{"href":"https:\/\/blog.corretoraideal.com.br\/index.php\/wp-json\/wp\/v2\/types\/post"}],"author":[{"embeddable":true,"href":"https:\/\/blog.corretoraideal.com.br\/index.php\/wp-json\/wp\/v2\/users\/1"}],"replies":[{"embeddable":true,"href":"https:\/\/blog.corretoraideal.com.br\/index.php\/wp-json\/wp\/v2\/comments?post=58533"}],"version-history":[{"count":1,"href":"https:\/\/blog.corretoraideal.com.br\/index.php\/wp-json\/wp\/v2\/posts\/58533\/revisions"}],"predecessor-version":[{"id":58536,"href":"https:\/\/blog.corretoraideal.com.br\/index.php\/wp-json\/wp\/v2\/posts\/58533\/revisions\/58536"}],"wp:attachment":[{"href":"https:\/\/blog.corretoraideal.com.br\/index.php\/wp-json\/wp\/v2\/media?parent=58533"}],"wp:term":[{"taxonomy":"category","embeddable":true,"href":"https:\/\/blog.corretoraideal.com.br\/index.php\/wp-json\/wp\/v2\/categories?post=58533"},{"taxonomy":"post_tag","embeddable":true,"href":"https:\/\/blog.corretoraideal.com.br\/index.php\/wp-json\/wp\/v2\/tags?post=58533"}],"curies":[{"name":"wp","href":"https:\/\/api.w.org\/{rel}","templated":true}]}}