{"id":58556,"date":"2024-03-10T17:29:39","date_gmt":"2024-03-10T17:29:39","guid":{"rendered":"https:\/\/blog.corretoraideal.com.br\/?p=58556"},"modified":"2024-03-10T17:29:39","modified_gmt":"2024-03-10T17:29:39","slug":"recuperar-aves-vitimas-de-maus-tratos-leva-tempo-e-custa-caro-nosso-campo-g1","status":"publish","type":"post","link":"https:\/\/blog.corretoraideal.com.br\/index.php\/2024\/03\/10\/recuperar-aves-vitimas-de-maus-tratos-leva-tempo-e-custa-caro-nosso-campo-g1\/","title":{"rendered":"Recuperar aves v\u00edtimas de maus tratos leva tempo e custa caro | Nosso Campo | G1"},"content":{"rendered":"<br \/>\n<h1>Recuperar aves v\u00edtimas de maus tratos leva tempo e custa caro<\/h1>\n<h2>Localizada na cidade de Jundia\u00ed (SP), a Mata Ciliar \u00e9 uma das principais respons\u00e1veis na recupera\u00e7\u00e3o de aves silvestres. No momento, h\u00e1 cerca de 700 animais esperando para voltar ao seu habitat natural.<\/h2>\n<p> Por Nosso Campo, TV TEM <\/p>\n<p>  10\/03\/2024 07h30    Atualizado  10\/03\/2024    <\/p>\n<p>                      1 de 1&#013;Recuperar aves v\u00edtimas de maus tratos leva tempo e custa caro \u2014 Foto: Reprodu\u00e7\u00e3o\/TV TEM    <\/p>\n<p> Recuperar aves v\u00edtimas de maus tratos leva tempo e custa caro \u2014 Foto: Reprodu\u00e7\u00e3o\/TV TEM <\/p>\n<p> As aves da fauna brasileira est\u00e3o sob constante risco<strong> e o tr\u00e1fico de animais \u00e9 uma das maiores amea\u00e7as em todo o territ\u00f3rio<\/strong>. Quando um p\u00e1ssaro \u00e9 recuperado, ele percorre um longo caminho para voltar ao habitat, <strong>mas isso demanda tempo, dinheiro, paci\u00eancia e, na maioria das vezes, acaba tendo que viver longe das matas<\/strong>. <\/p>\n<p> A Serra do Japi, localizada na regi\u00e3o de <a class href=\"https:\/\/g1.globo.com\/sp\/sorocaba-jundiai\/cidade\/jundiai\/\">Jundia\u00ed (SP)<\/a>, \u00e9 nacionalmente conhecida por sua biodiversidade, composta por uma flora exuberante e fauna rica em esp\u00e9cies. \u00c9 neste &quot;para\u00edso&quot; que Guto Carvalho, um observador de aves, escolheu morar. <\/p>\n<p> Antes amador, Guto se tornou especialista na recupera\u00e7\u00e3o de aves. Com o passar dos anos, ele escreveu livros e <strong>catalogou mais de 257 esp\u00e9cies<\/strong>, que podem ser acessadas atrav\u00e9s de um QR Code, espalhado por alguns pontos da natureza. <\/p>\n<p>\u201cQualquer pedacinho de mato possui uma infinidade de esp\u00e9cies. Os bichos da mata s\u00e3o parentes, as flores, os p\u00e1ssaros, as \u00e1rvores. Temos que tratar deles como se fosse a nossa fam\u00edlia. Ao estabelecer uma rela\u00e7\u00e3o de pertencimento, voc\u00ea entende a diversidade de onde habita. \u00c9 uma fonte infinita de conhecimento\u201d, explica.<\/p>\n<p> <strong>Veja a reportagem exibida no programa em 10\/03\/2024:<\/strong> <\/p>\n<p>                   <img loading=\"lazy\" decoding=\"async\" class=\"aligncenter size-full wp-image-58558\" src=\"https:\/\/blog.corretoraideal.com.br\/wp-content\/uploads\/2024\/03\/recuperar-ave-vitima-de-maus-tratos-leva-tempo-e-custa-caro.jpeg\" alt=\"Recuperar ave v\u00edtima de maus tratos leva tempo e custa caro\" width=\"800\" height=\"400\" \/>       <\/p>\n<p> Recuperar ave v\u00edtima de maus tratos leva tempo e custa caro <\/p>\n<p> Em alguns casos, os animais s\u00e3o resgatados e enviados para a Mata Ciliar, uma entidade sem fins lucrativos que trabalha para a conserva\u00e7\u00e3o da biodiversidade. <\/p>\n<p> De acordo com a veterin\u00e1ria J\u00falia Cara\u00e7a, a institui\u00e7\u00e3o abriga mais de 700 aves atualmente, sendo a maioria v\u00edtima de tr\u00e1fico. Quando uma ave chega ao local, h\u00e1 um custo inicial de 250 reais para iniciar o tratamento, valor que pode aumentar em caso de cirurgias. <\/p>\n<p> \u201cOs animais que chegam aqui geralmente possuem les\u00f5es. Precisamos lev\u00e1-los para a cl\u00ednica, onde \u00e9 feita toda uma supervis\u00e3o, avaliando a progress\u00e3o do seu quadro. Em necessidade de cirurgia, na maioria das vezes, s\u00e3o feitas amputa\u00e7\u00f5es, devido ao estado das fraturas\u201d, conta. <\/p>\n<p><h2>V\u00cdDEOS: veja as reportagens do Nosso Campo<\/h2>\n<\/p>\n<p>   <a href=\"https:\/\/g1.globo.com\/sp\/sorocaba-jundiai\/nosso-campo\/playlist\/videos-veja-as-reportagens-do-nosso-campo.ghtml\">    50 v\u00eddeos      <\/a>   <\/p>\n<p> <strong>Acesse + <\/strong><a class href=\"https:\/\/redeglobo.globo.com\/sp\/tvtem\/\"><strong>TV TEM<\/strong><\/a><strong> | <\/strong><a class href=\"https:\/\/redeglobo.globo.com\/sp\/tvtem\/sorocaba-e-regiao\/programacao\/?region=sorocaba-e-regiao#20170330527359https:\/\/redeglobo.globo.com\/sp\/tvtem\/sorocaba-e-regiao\/programacao\/?region=sorocaba-e-regiao#20170330527359\"><strong>Programa\u00e7\u00e3o<\/strong><\/a><strong> | <\/strong><a class href=\"https:\/\/redeglobo.globo.com\/sp\/tvtem\/noticia\/videos-acesse-os-catalogos-dos-programas-da-tv-tem.ghtml\"><strong>V\u00eddeos<\/strong><\/a><strong> | <\/strong><a class href=\"https:\/\/redeglobo.globo.com\/sp\/tvtem\/noticia\/pela-web-confira-os-enderecos-oficiais-da-tv-tem-nas-redes-sociais.ghtml\"><strong>Redes sociais<\/strong><\/a> <\/p>\n<h3>Saiba Mais<\/h3>\n<ul>\n<li>\n<p> <a class=\"content-link\" href=\"http:\/\/g1.globo.com\/sao-paulo\/sorocaba-jundiai\/nosso-campo\/\">Confira as \u00faltimas not\u00edcias do Nosso Campo<\/a>   <\/p>\n<\/li>\n<\/ul>\n<ul>\n<li> <a href=\"https:\/\/g1.globo.com\/sp\/bauru-marilia\/cidade\/alvinlandia\/\" class=\"entities__list-itemLink\" data-track-click=\"Alvinl\u00e2ndia\"> Alvinl\u00e2ndia <\/a> <\/li>\n<li> <a href=\"https:\/\/g1.globo.com\/sp\/sorocaba-jundiai\/cidade\/jundiai\/\" class=\"entities__list-itemLink\" data-track-click=\"Jundia\u00ed\"> Jundia\u00ed <\/a> <\/li>\n<li> <a href=\"https:\/\/g1.globo.com\/sp\/bauru-marilia\/cidade\/piratininga-sp\/\" class=\"entities__list-itemLink\" data-track-click=\"Piratininga\"> Piratininga <\/a> <\/li>\n<\/ul>\n<h3> <a id=\"js-next-article-desktop-link\" class=\"next-article-desktop-link\"><\/a> <\/h3>\n<h3> <a id=\"js-next-article-smart-link\" class=\"next-article-smart-link\"><\/a> <\/h3>\n<p>Veja tamb\u00e9m<\/p>\n<\/p>\n<\/p>\n<p>       Anterior   Pr\u00f3ximo     <\/p>\n","protected":false},"excerpt":{"rendered":"<p>Recuperar aves v\u00edtimas de maus tratos leva tempo e custa caro Localizada na cidade de Jundia\u00ed (SP), a Mata Ciliar \u00e9 uma das principais respons\u00e1veis na recupera\u00e7\u00e3o de aves silvestres. No momento, h\u00e1 cerca de 700 animais esperando para voltar ao seu habitat natural. Por Nosso Campo, TV TEM 10\/03\/2024 07h30 Atualizado 10\/03\/2024 1 de [&hellip;]<\/p>\n","protected":false},"author":1,"featured_media":0,"comment_status":"closed","ping_status":"closed","sticky":false,"template":"","format":"standard","meta":{"footnotes":""},"categories":[],"tags":[],"class_list":["post-58556","post","type-post","status-publish","format-standard","hentry"],"_links":{"self":[{"href":"https:\/\/blog.corretoraideal.com.br\/index.php\/wp-json\/wp\/v2\/posts\/58556","targetHints":{"allow":["GET"]}}],"collection":[{"href":"https:\/\/blog.corretoraideal.com.br\/index.php\/wp-json\/wp\/v2\/posts"}],"about":[{"href":"https:\/\/blog.corretoraideal.com.br\/index.php\/wp-json\/wp\/v2\/types\/post"}],"author":[{"embeddable":true,"href":"https:\/\/blog.corretoraideal.com.br\/index.php\/wp-json\/wp\/v2\/users\/1"}],"replies":[{"embeddable":true,"href":"https:\/\/blog.corretoraideal.com.br\/index.php\/wp-json\/wp\/v2\/comments?post=58556"}],"version-history":[{"count":1,"href":"https:\/\/blog.corretoraideal.com.br\/index.php\/wp-json\/wp\/v2\/posts\/58556\/revisions"}],"predecessor-version":[{"id":58559,"href":"https:\/\/blog.corretoraideal.com.br\/index.php\/wp-json\/wp\/v2\/posts\/58556\/revisions\/58559"}],"wp:attachment":[{"href":"https:\/\/blog.corretoraideal.com.br\/index.php\/wp-json\/wp\/v2\/media?parent=58556"}],"wp:term":[{"taxonomy":"category","embeddable":true,"href":"https:\/\/blog.corretoraideal.com.br\/index.php\/wp-json\/wp\/v2\/categories?post=58556"},{"taxonomy":"post_tag","embeddable":true,"href":"https:\/\/blog.corretoraideal.com.br\/index.php\/wp-json\/wp\/v2\/tags?post=58556"}],"curies":[{"name":"wp","href":"https:\/\/api.w.org\/{rel}","templated":true}]}}