{"id":58573,"date":"2024-03-11T03:29:36","date_gmt":"2024-03-11T03:29:36","guid":{"rendered":"https:\/\/blog.corretoraideal.com.br\/?p=58573"},"modified":"2024-03-11T03:29:36","modified_gmt":"2024-03-11T03:29:36","slug":"ataque-de-fungo-preocupa-produtores-de-quiabo-de-piacatu-nosso-campo-g1","status":"publish","type":"post","link":"https:\/\/blog.corretoraideal.com.br\/index.php\/2024\/03\/11\/ataque-de-fungo-preocupa-produtores-de-quiabo-de-piacatu-nosso-campo-g1\/","title":{"rendered":"Ataque de fungo preocupa produtores de quiabo de Piacatu | Nosso Campo | G1"},"content":{"rendered":"<br \/>\n<h1>Ataque de fungo preocupa produtores de quiabo de Piacatu<\/h1>\n<h2>Regi\u00e3o de Ara\u00e7atuba (SP) \u00e9 a principal produtora de quiabo do estado de S\u00e3o Paulo, e Piacatu \u00e9 o munic\u00edpio que mais se destaca nesta cultura.<\/h2>\n<p> Por Nosso Campo, TV TEM <\/p>\n<p>  10\/03\/2024 07h30    Atualizado  10\/03\/2024    <\/p>\n<p>                      1 de 1&#013;Ataque de fungo preocupa produtores de quiabo de Piacatu \u2014 Foto: Reprodu\u00e7\u00e3o\/TV TEM    <\/p>\n<p> Ataque de fungo preocupa produtores de quiabo de Piacatu \u2014 Foto: Reprodu\u00e7\u00e3o\/TV TEM <\/p>\n<p> O quiabo, seja cozido, refogado ou frito, \u00e9 tradicional na culin\u00e1ria brasileira, al\u00e9m de ser fonte de renda para muitas fam\u00edlias no campo. Em <a class href=\"https:\/\/g1.globo.com\/sp\/sao-jose-do-rio-preto-aracatuba\/cidade\/piacatu\/\">Piacatu<\/a>, no noroeste paulista, muitos produtores vivem do cultivo dessa hortali\u00e7a, e precisam lidar com um fungo que amea\u00e7a as planta\u00e7\u00f5es. <\/p>\n<p> A hist\u00f3ria da fam\u00edlia Vendrame com o plantio de quiabo come\u00e7ou no final da d\u00e9cada de 1980, depois que a aposta em outros plantios n\u00e3o foi adiante. A produ\u00e7\u00e3o \u00e9 pequena se comparada a de outras \u00e9pocas e <strong>a redu\u00e7\u00e3o est\u00e1 relacionada ao ataque do fungo X.<\/strong> O produtor colhe, em m\u00e9dia, 500 caixas por semana. <\/p>\n<p> Para entender um pouco mais sobre esse fungo, que trouxe tantos problemas, a equipe do Nosso Campo conversou com o t\u00e9cnico agr\u00edcola da Coordenadoria de Assist\u00eancia T\u00e9cnica Integral (Cati), que acompanha os agricultores de perto. <strong>E n\u00e3o tem jeito:<\/strong> como o fungo fica no solo, mudar o local de plantio \u00e9 uma das medidas mais eficientes. <\/p>\n<p> Foi isso que os integrantes da Associa\u00e7\u00e3o dos Microprodutores de Quiabo de <a class href=\"https:\/\/g1.globo.com\/sp\/sao-jose-do-rio-preto-aracatuba\/cidade\/piacatu\/\">Piacatu<\/a> fizeram. Nesta safra, o cultivo foi feito em uma \u00e1rea que, h\u00e1 mais de 10 anos, n\u00e3o recebia p\u00e9s de quiabo, e com isso, eles esperam colher, em m\u00e9dia, 1.000 caixas por hectare. <\/p>\n<p> <strong>A regi\u00e3o de <\/strong><a class href=\"https:\/\/g1.globo.com\/sp\/sao-jose-do-rio-preto-aracatuba\/cidade\/aracatuba\/\"><strong>Ara\u00e7atuba (SP)<\/strong><\/a><strong> \u00e9 a principal produtora de quiabo do estado de S\u00e3o Paulo<\/strong>, e <a class href=\"https:\/\/g1.globo.com\/sp\/sao-jose-do-rio-preto-aracatuba\/cidade\/piacatu\/\">Piacatu<\/a> \u00e9 o munic\u00edpio que mais se destaca nesta cultura. No ano passado, sa\u00edram 80 mil caixas do produto, o que corresponde a quase 1.300 toneladas da hortali\u00e7a. <\/p>\n<p> Na safra deste ano, a caixa j\u00e1 chegou a ser vendida por R$ 40, o que significa 20% a mais do que em 2023. O pre\u00e7o est\u00e1 melhor, as plantas est\u00e3o mais saud\u00e1veis, e h\u00e1 mais produtividade. Para os produtores do noroeste paulista n\u00e3o poderia ter come\u00e7ado melhor. <\/p>\n<p> <strong>Veja a reportagem exibida no programa em 10\/03\/2024:<\/strong> <\/p>\n<p>                   <img loading=\"lazy\" decoding=\"async\" class=\"aligncenter size-full wp-image-58575\" src=\"https:\/\/blog.corretoraideal.com.br\/wp-content\/uploads\/2024\/03\/ataque-de-fungo-preocupa-produtores-de-quiabo-de-piacatu-1.jpeg\" alt=\"Ataque de fungo preocupa produtores de quiabo de Piacatu\" width=\"800\" height=\"400\" \/>       <\/p>\n<p> Ataque de fungo preocupa produtores de quiabo de Piacatu <\/p>\n<p><h2><strong>V\u00cdDEOS: veja as reportagens do Nosso Campo<\/strong><\/h2>\n<\/p>\n<p>   <a href=\"https:\/\/g1.globo.com\/sp\/sorocaba-jundiai\/nosso-campo\/playlist\/videos-veja-as-reportagens-do-nosso-campo.ghtml\">    50 v\u00eddeos      <\/a>   <\/p>\n<h3>Saiba Mais<\/h3>\n<ul>\n<li>\n<p> <a class=\"content-link\" href=\"http:\/\/g1.globo.com\/sao-paulo\/sorocaba-jundiai\/nosso-campo\/\">Confira as \u00faltimas not\u00edcias do Nosso Campo<\/a>   <\/p>\n<\/li>\n<\/ul>\n<ul>\n<li> <a href=\"https:\/\/g1.globo.com\/sp\/sao-jose-do-rio-preto-aracatuba\/cidade\/aracatuba\/\" class=\"entities__list-itemLink\" data-track-click=\"Ara\u00e7atuba\"> Ara\u00e7atuba <\/a> <\/li>\n<li> <a href=\"https:\/\/g1.globo.com\/sp\/bauru-marilia\/cidade\/bauru\/\" class=\"entities__list-itemLink\" data-track-click=\"Bauru\"> Bauru <\/a> <\/li>\n<li> <a href=\"https:\/\/g1.globo.com\/sp\/bauru-marilia\/cidade\/marilia\/\" class=\"entities__list-itemLink\" data-track-click=\"Mar\u00edlia\"> Mar\u00edlia <\/a> <\/li>\n<li> <a href=\"https:\/\/g1.globo.com\/sp\/sao-jose-do-rio-preto-aracatuba\/cidade\/piacatu\/\" class=\"entities__list-itemLink\" data-track-click=\"Piacatu\"> Piacatu <\/a> <\/li>\n<\/ul>\n<h3> <a id=\"js-next-article-desktop-link\" class=\"next-article-desktop-link\"><\/a> <\/h3>\n<h3> <a id=\"js-next-article-smart-link\" class=\"next-article-smart-link\"><\/a> <\/h3>\n<p>Veja tamb\u00e9m<\/p>\n<\/p>\n<\/p>\n<p>       Anterior   Pr\u00f3ximo     <\/p>\n","protected":false},"excerpt":{"rendered":"<p>Ataque de fungo preocupa produtores de quiabo de Piacatu Regi\u00e3o de Ara\u00e7atuba (SP) \u00e9 a principal produtora de quiabo do estado de S\u00e3o Paulo, e Piacatu \u00e9 o munic\u00edpio que mais se destaca nesta cultura. Por Nosso Campo, TV TEM 10\/03\/2024 07h30 Atualizado 10\/03\/2024 1 de 1&#013;Ataque de fungo preocupa produtores de quiabo de Piacatu [&hellip;]<\/p>\n","protected":false},"author":1,"featured_media":0,"comment_status":"closed","ping_status":"closed","sticky":false,"template":"","format":"standard","meta":{"footnotes":""},"categories":[],"tags":[],"class_list":["post-58573","post","type-post","status-publish","format-standard","hentry"],"_links":{"self":[{"href":"https:\/\/blog.corretoraideal.com.br\/index.php\/wp-json\/wp\/v2\/posts\/58573","targetHints":{"allow":["GET"]}}],"collection":[{"href":"https:\/\/blog.corretoraideal.com.br\/index.php\/wp-json\/wp\/v2\/posts"}],"about":[{"href":"https:\/\/blog.corretoraideal.com.br\/index.php\/wp-json\/wp\/v2\/types\/post"}],"author":[{"embeddable":true,"href":"https:\/\/blog.corretoraideal.com.br\/index.php\/wp-json\/wp\/v2\/users\/1"}],"replies":[{"embeddable":true,"href":"https:\/\/blog.corretoraideal.com.br\/index.php\/wp-json\/wp\/v2\/comments?post=58573"}],"version-history":[{"count":1,"href":"https:\/\/blog.corretoraideal.com.br\/index.php\/wp-json\/wp\/v2\/posts\/58573\/revisions"}],"predecessor-version":[{"id":58576,"href":"https:\/\/blog.corretoraideal.com.br\/index.php\/wp-json\/wp\/v2\/posts\/58573\/revisions\/58576"}],"wp:attachment":[{"href":"https:\/\/blog.corretoraideal.com.br\/index.php\/wp-json\/wp\/v2\/media?parent=58573"}],"wp:term":[{"taxonomy":"category","embeddable":true,"href":"https:\/\/blog.corretoraideal.com.br\/index.php\/wp-json\/wp\/v2\/categories?post=58573"},{"taxonomy":"post_tag","embeddable":true,"href":"https:\/\/blog.corretoraideal.com.br\/index.php\/wp-json\/wp\/v2\/tags?post=58573"}],"curies":[{"name":"wp","href":"https:\/\/api.w.org\/{rel}","templated":true}]}}