{"id":58721,"date":"2024-03-14T16:29:43","date_gmt":"2024-03-14T16:29:43","guid":{"rendered":"https:\/\/blog.corretoraideal.com.br\/?p=58721"},"modified":"2024-03-14T16:29:43","modified_gmt":"2024-03-14T16:29:43","slug":"dolar-opera-com-volatilidade-e-ibovespa-cai-apos-dados-de-inflacao-acima-do-esperado-nos-eua-economia-g1","status":"publish","type":"post","link":"https:\/\/blog.corretoraideal.com.br\/index.php\/2024\/03\/14\/dolar-opera-com-volatilidade-e-ibovespa-cai-apos-dados-de-inflacao-acima-do-esperado-nos-eua-economia-g1\/","title":{"rendered":"D\u00f3lar opera com volatilidade e Ibovespa cai ap\u00f3s dados de infla\u00e7\u00e3o acima do esperado nos EUA | Economia | G1"},"content":{"rendered":"<br \/>\n<h1>D\u00f3lar opera com volatilidade e Ibovespa cai ap\u00f3s dados de infla\u00e7\u00e3o acima do esperado nos EUA<\/h1>\n<h2>No dia anterior moeda norte-americana subiu 0,02%, cotada a R$ 4,9756. J\u00e1 o principal \u00edndice acion\u00e1rio da B3 encerrou com um avan\u00e7o de 0,26%, aos 128.006 pontos.<\/h2>\n<p> Por g1 <\/p>\n<p>  14\/03\/2024 09h21    Atualizado  14\/03\/2024    <\/p>\n<p>                      1 de 1&#013;D\u00f3lar opera em baixa \u2014 Foto: Karolina Grabowska    <\/p>\n<p> D\u00f3lar opera em baixa \u2014 Foto: Karolina Grabowska <\/p>\n<p> O d\u00f3lar opera com volatilidade nesta quinta-feira (14), oscilando entre altas e baixas, ap\u00f3s a divulga\u00e7\u00e3o dos dados mais recentes de infla\u00e7\u00e3o aos produtores nos <a class href=\"https:\/\/g1.globo.com\/tudo-sobre\/estados-unidos\/\">Estados Unidos<\/a>. <\/p>\n<p> O \u00cdndice de Pre\u00e7os ao Produtor (PPI, na sigla em ingl\u00eas) subiu 0,6% em fevereiro, contra expectativas de alta de 0,3% e mostrando uma acelera\u00e7\u00e3o em rela\u00e7\u00e3o ao m\u00eas anterior, quando o \u00edndice subiu 0,3%. <\/p>\n<p> Esses n\u00fameros s\u00e3o bastantes observados porque trazem uma perspectiva de como os pre\u00e7os aos consumidores devem se comportar, j\u00e1 que se ocorre aumento nos pre\u00e7os aos produtores, isso tende a ser repassado na ponta. <\/p>\n<p> Neste mesmo cen\u00e1rio, o <a class href=\"https:\/\/g1.globo.com\/tudo-sobre\/ibovespa\/\">Ibovespa<\/a>, principal \u00edndice acion\u00e1rio da bolsa de valores brasileira, a <a class href=\"https:\/\/g1.globo.com\/tudo-sobre\/bmf-bovespa\/\">B3<\/a>, opera em baixa. <\/p>\n<p> <strong>Veja abaixo o resumo dos mercados.<\/strong> <\/p>\n<p><h2>D\u00f3lar<\/h2>\n<\/p>\n<p> \u00c0s 13h20, o d\u00f3lar ca\u00eda 0,01%, cotado a R$ 4,9750. <a class href=\"https:\/\/valor.globo.com\/valor-data\/\">Veja mais cota\u00e7\u00f5es.<\/a> <\/p>\n<p> No dia anterior, a moeda norte-americana teve alta de 0,02%, cotado a R$ 4,9756. <\/p>\n<p> Com o resultado, acumulou: <\/p>\n<ul>\n<li><strong>queda de 0,12% na semana;<\/strong><\/li>\n<li><strong>ganho de 0,06% no m\u00eas;<\/strong><\/li>\n<li><strong>e avan\u00e7o de 2,54% no ano.<\/strong><\/li>\n<\/ul>\n<p><h2><strong>Ibovespa<\/strong><\/h2>\n<\/p>\n<p> No mesmo hor\u00e1rio, o Ibovespa ca\u00eda 0,20%, aos 127.747 pontos. <\/p>\n<p> Na v\u00e9spera, o \u00edndice teve alta de 0,26%, aos 128.006 pontos. <\/p>\n<p> Com o resultado, acumulou: <\/p>\n<ul>\n<li><strong>alta de 0,47% na semana;<\/strong><\/li>\n<li><strong>recuo de 1,05% no m\u00eas;<\/strong><\/li>\n<li><strong>e baixa de 4,86% no ano.<\/strong><\/li>\n<\/ul>\n<p>                   <img loading=\"lazy\" decoding=\"async\" class=\"aligncenter size-full wp-image-58723\" src=\"https:\/\/blog.corretoraideal.com.br\/wp-content\/uploads\/2024\/03\/entenda-o-que-faz-o-dolar-subir-ou-descer-3.jpeg\" alt=\"Entenda o que faz o d\u00f3lar subir ou descer\" width=\"800\" height=\"400\" \/>       <\/p>\n<p> Entenda o que faz o d\u00f3lar subir ou descer <\/p>\n<ul>\n<li><strong>DINHEIRO OU CART\u00c3O? <\/strong><a class href=\"https:\/\/g1.globo.com\/economia\/noticia\/2022\/03\/26\/dinheiro-ou-cartao-qual-a-melhor-forma-de-levar-dolares-em-viagens.ghtml\">Qual a melhor forma de levar d\u00f3lares em viagens?<\/a><\/li>\n<li><strong>D\u00d3LAR: <\/strong><a class href=\"https:\/\/g1.globo.com\/economia\/noticia\/2022\/04\/05\/dolar-qual-o-melhor-momento-para-comprar.ghtml\">Qual o melhor momento para comprar a moeda? <\/a><\/li>\n<\/ul>\n<p><h2>O que est\u00e1 mexendo com o mercado?<\/h2>\n<\/p>\n<p> No exterior, os investidores repercutem a infla\u00e7\u00e3o ao produtor nos Estados Unidos, que veio acima das expectativas, com uma alta mensal de 0,6%. J\u00e1 no acumulado em 12 meses, os pre\u00e7os subiram 1,6%, contra proje\u00e7\u00e3o de 1,1%. <\/p>\n<p> O resultado pior que o esperado para a infla\u00e7\u00e3o ao produtor americana levanta o temor de que a infla\u00e7\u00e3o ao consumidor tamb\u00e9m possa acelerar nos pr\u00f3ximos meses, o que tardaria uma queda nos juros nos Estados Unidos. <\/p>\n<p> As perspectivas s\u00e3o de que o Federal Reserve (<a class href=\"https:\/\/g1.globo.com\/tudo-sobre\/fed\/\">Fed<\/a>, o banco central dos EUA) possa iniciar um ciclo de corte nas taxas de juros ainda no primeiro semestre. Atualmente, as taxas est\u00e3o na faixa entre 5,25% e 5,50% ao ano. <\/p>\n<p> O mercado enxerga uma chance de 66% de que o primeiro corte ocorra em junho, segundo a ferramenta CME FedWatch. <\/p>\n<p> Ainda no exterior, na Europa, Yannis Stournaras, presidente do Banco Central da Gr\u00e9cia e membro do Conselho do Banco Central Europeu (BCE), disse que a institui\u00e7\u00e3o pode realizar at\u00e9 dois cortes de juros nas taxas de juros da zona do euro ainda no primeiro semestre. <\/p>\n<p> Ontem, o presidente do BC da Let\u00f4nia e membro do BCE, Martins Kazaks, j\u00e1 havia dito que o ciclo de cortes nas taxas no bloco devem come\u00e7ar em breve, caso a infla\u00e7\u00e3o continue dentro das expectativas da institui\u00e7\u00e3o. <\/p>\n<p> Perspectivas de juros mais baixos, tanto nos Estados Unidos quanto na Europa, beneficiam os ativos de risco, como os mercados de a\u00e7\u00f5es e as moedas de pa\u00edses emergentes, porque a tend\u00eancia \u00e9 de rendimentos mais baixos nos t\u00edtulos p\u00fablicos dos pa\u00edses desenvolvidos e considerados mais seguros. <\/p>\n<p> No Brasil, o destaque da agenda econ\u00f4mica s\u00e3o os dados de vendas no varejo. Em janeiro, o com\u00e9rcio varejista cresceu 2,5% em rela\u00e7\u00e3o a dezembro, segundo o Instituto Brasileiro de Geografia e Estat\u00edstica (IBGE). No acumulado em 12 meses, a alta foi de 1,8%. <\/p>\n<p> O resultado veio bem acima das expectativas do mercado, que esperava uma alta bem mais modesta, de 0,2%. <\/p>\n<p> *Com informa\u00e7\u00f5es da ag\u00eancia de not\u00edcias Reuters <\/p>\n<ul>\n<li> <a href=\"https:\/\/g1.globo.com\/tudo-sobre\/bmf-bovespa\/\" class=\"entities__list-itemLink\" data-track-click=\"B3\"> B3 <\/a> <\/li>\n<li> <a href=\"https:\/\/g1.globo.com\/tudo-sobre\/estados-unidos\/\" class=\"entities__list-itemLink\" data-track-click=\"Estados Unidos\"> Estados Unidos <\/a> <\/li>\n<li> <a href=\"https:\/\/g1.globo.com\/tudo-sobre\/fed\/\" class=\"entities__list-itemLink\" data-track-click=\"FED\"> FED <\/a> <\/li>\n<li> <a href=\"https:\/\/g1.globo.com\/tudo-sobre\/ibovespa\/\" class=\"entities__list-itemLink\" data-track-click=\"Ibovespa\"> Ibovespa <\/a> <\/li>\n<li> <a href=\"https:\/\/g1.globo.com\/tudo-sobre\/petrobras\/\" class=\"entities__list-itemLink\" data-track-click=\"Petrobras\"> Petrobras <\/a> <\/li>\n<\/ul>\n<h3> <a id=\"js-next-article-desktop-link\" class=\"next-article-desktop-link\"><\/a> <\/h3>\n<h3> <a id=\"js-next-article-smart-link\" class=\"next-article-smart-link\"><\/a> <\/h3>\n<p>Veja tamb\u00e9m<\/p>\n<\/p>\n<\/p>\n<p>       Anterior   Pr\u00f3ximo     <\/p>\n","protected":false},"excerpt":{"rendered":"<p>D\u00f3lar opera com volatilidade e Ibovespa cai ap\u00f3s dados de infla\u00e7\u00e3o acima do esperado nos EUA No dia anterior moeda norte-americana subiu 0,02%, cotada a R$ 4,9756. J\u00e1 o principal \u00edndice acion\u00e1rio da B3 encerrou com um avan\u00e7o de 0,26%, aos 128.006 pontos. Por g1 14\/03\/2024 09h21 Atualizado 14\/03\/2024 1 de 1&#013;D\u00f3lar opera em baixa [&hellip;]<\/p>\n","protected":false},"author":1,"featured_media":0,"comment_status":"closed","ping_status":"closed","sticky":false,"template":"","format":"standard","meta":{"footnotes":""},"categories":[],"tags":[],"class_list":["post-58721","post","type-post","status-publish","format-standard","hentry"],"_links":{"self":[{"href":"https:\/\/blog.corretoraideal.com.br\/index.php\/wp-json\/wp\/v2\/posts\/58721","targetHints":{"allow":["GET"]}}],"collection":[{"href":"https:\/\/blog.corretoraideal.com.br\/index.php\/wp-json\/wp\/v2\/posts"}],"about":[{"href":"https:\/\/blog.corretoraideal.com.br\/index.php\/wp-json\/wp\/v2\/types\/post"}],"author":[{"embeddable":true,"href":"https:\/\/blog.corretoraideal.com.br\/index.php\/wp-json\/wp\/v2\/users\/1"}],"replies":[{"embeddable":true,"href":"https:\/\/blog.corretoraideal.com.br\/index.php\/wp-json\/wp\/v2\/comments?post=58721"}],"version-history":[{"count":1,"href":"https:\/\/blog.corretoraideal.com.br\/index.php\/wp-json\/wp\/v2\/posts\/58721\/revisions"}],"predecessor-version":[{"id":58724,"href":"https:\/\/blog.corretoraideal.com.br\/index.php\/wp-json\/wp\/v2\/posts\/58721\/revisions\/58724"}],"wp:attachment":[{"href":"https:\/\/blog.corretoraideal.com.br\/index.php\/wp-json\/wp\/v2\/media?parent=58721"}],"wp:term":[{"taxonomy":"category","embeddable":true,"href":"https:\/\/blog.corretoraideal.com.br\/index.php\/wp-json\/wp\/v2\/categories?post=58721"},{"taxonomy":"post_tag","embeddable":true,"href":"https:\/\/blog.corretoraideal.com.br\/index.php\/wp-json\/wp\/v2\/tags?post=58721"}],"curies":[{"name":"wp","href":"https:\/\/api.w.org\/{rel}","templated":true}]}}