{"id":6054,"date":"2018-07-15T23:24:27","date_gmt":"2018-07-15T23:24:27","guid":{"rendered":"http:\/\/corretoraideal.com.br\/blog\/index.php\/2018\/07\/15\/cca_title\/"},"modified":"2018-07-15T23:24:49","modified_gmt":"2018-07-15T23:24:49","slug":"lola-completa-100-dias-na-prisao-sem-dar-se-a-eleicao-presidencial-exame","status":"publish","type":"post","link":"https:\/\/blog.corretoraideal.com.br\/index.php\/2018\/07\/15\/lola-completa-100-dias-na-prisao-sem-dar-se-a-eleicao-presidencial-exame\/","title":{"rendered":"Lola completa 100 dias na pris\u00e3o, sem dar-se a elei\u00e7\u00e3o presidencial | exame"},"content":{"rendered":"<p><\/img><\/p>\n<p> (Patricia monteiro\/P B)<\/p>\n<p>O ex-presidente Luiz In&aacute;cio Lula da Silva neste domingo, 100 dias na cadeia, j&aacute; que ele se rendeu no dia 7 de abril, para come&ccedil;ar a pena de corrup&ccedil;&atilde;o passiva e lavagem de dinheiro.<\/p>\n<p>Embora preso na sede da Pol&iacute;cia Federal em Curitiba, Lola, que governou o pa&iacute;s entre 2003 e 2010, e de mercadorias, com mais de 80% de popularidade, n&atilde;o abandonar a aspira&ccedil;&atilde;o a um novo mandato presidencial.<\/p>\n<p>Este domingo foi postado na rede social da campanha #100diasdeResist&ecirc;ncia para celebrar a hist&oacute;ria.<\/p>\n<p>Com uma forte presen&ccedil;a em redes sociais, l&iacute;der do Partido dos Trabalhadores (PT) continua a ser o centro da campanha presidencial com 30% de apoio em elei&ccedil;&otilde;es nacionais.<\/p>\n<p>Lol acusado de receber um apartamento no litoral de S&atilde;o Paulo, construtora OAS, em troca de servi&ccedil;os em concursos da Petrobras.<\/p>\n<p>Nenhuma for&ccedil;a pol&iacute;tica, unidos em torno de sua candidatura, que ser&aacute; oficializada no dia 15 de agosto, o &uacute;ltimo dia do prazo fixado. &Eacute; esperado que a justi&ccedil;a eleitoral para cancelar sua nomea&ccedil;&atilde;o por causa da situa&ccedil;&atilde;o processual.<\/p>\n<p>O ex-presidente da rep&uacute;blica, Dilma Rousseff, disse neste domingo, em Havana, que o Partido Trabalhista necessidades a candidatura de Lula &agrave; presid&ecirc;ncia.<\/p>\n<p>&#8220;Eles pensaram que iam levar a Lola neste processo. N&oacute;s n&atilde;o estamos indo. A cada dia que passa lol abordagem mais de urna. E &eacute; isso que queremos Entre em assim por diante, at&eacute; as elei&ccedil;&otilde;es,&#8221; Dilma disse &agrave; imprensa em Havana, onde ele vai participar na 24&ordf; reuni&atilde;o do F&oacute;rum de S&atilde;o Paulo.<\/p>\n<p>Dilma nomea&ccedil;&atilde;o do lol &eacute; &#8220;esperan&ccedil;a&#8221; na frente de &#8220;todas as partes para os bandidos que falhou e n&atilde;o conseguiu alcan&ccedil;ar o candidato&#8221;, capaz de enfrent&aacute;-lo nas elei&ccedil;&otilde;es de 7 de outubro.<\/p>\n<p>&#8220;Lola est&aacute; preso, n&atilde;o sendo a elei&ccedil;&atilde;o do Presidente da Rep&uacute;blica, porque ele ainda tem capturado a cada dia que passa, e aumentar o apoio popular&#8221;.<\/p>\n<p>Embora o Partido Trabalhista que n&atilde;o discutir a substitui&ccedil;&atilde;o dos n&uacute;meros internos ex-Prefeito de S&atilde;o Paulo Fernando Haddad e o ex-governador da Bahia, Jacques Wagner &eacute; mencionado na imprensa, com menos de 2% nas Pesquisas.<\/p>\n<p>Advogados de &#8220;lol&#8221;, declarando-se inocente e diz que sua pris&atilde;o &eacute; uma &#8220;conspira&ccedil;&atilde;o&#8221; inabilit&aacute; que a elei&ccedil;&atilde;o, travou uma batalha legal que o ex-presidente esperar em movimento, enquanto se esgotado todos os meios legais.<\/p>\n<p>Mas a defesa acumula uma s&eacute;rie de contratempos judicial, incluindo a recente proibi&ccedil;&atilde;o de Lula, sendo entrevistado pela m&iacute;dia.<\/p>\n<p>No dia 8 de julho, Um juiz de segunda classe, que era a antiga la&ccedil;os com o Partido do Trabalho e estava em servi&ccedil;o no final de semana, a concess&atilde;o de habeas corpus para o ex-presidente, iniciar um Tribunal de guerra com cinco resolu&ccedil;&otilde;es simult&acirc;neas contra a favor.<\/p>\n<p>A quest&atilde;o foi resolvida pelo Presidente do Tribunal de apela&ccedil;&atilde;o, que decidiu que a LOL para a permanecer preso em sua cela de 15 metros quadrados no quarto andar da sede da pol&iacute;cia em Curitiba.<\/p>\n<p>Lol uma TV no quarto mobiliado com cama de solteiro, mesa, cadeira e guarda-roupa. Acompanhar esses nacional pela associa&ccedil;&atilde;o Brasileira de canais, e a partir de conversas com amigos e familiares.<\/p>\n<p>Suas opini&otilde;es postadas em forma de cartas e mensagens curtas atrav&eacute;s de redes sociais nos eventos do PT. Durante a copa da R&uacute;ssia chegou a se tornar em um torneio, a pedido do ex-diretor da ESPN Brasil, Jos&eacute; de recurso.<\/p>\n<p>O ex-presidente da perda de peso, n&atilde;o &eacute; utilizado de maneira uniforme, voc&ecirc; tem o direito a um banho de sol por dia, n&atilde;o tem contato com outros presos na sede da pol&iacute;cia recebe visitas semanais dos membros da fam&iacute;lia, amigos e apoio espiritual. Os advogados t&ecirc;m acesso livre.<\/p>\n<p>Veja tamb&eacute;m<\/p>\n<ul>\n<li><a class=\"widget-news-thumb mini\" href=\"https:\/\/exame.abril.com.br\/brasil\/preso-ha-100-dias-lula-mantem-pt-imobilizado\/\" rel=\"bookmark\"><img loading=\"lazy\" decoding=\"async\" class=\"aligncenter size-full wp-image-6056\" src=\"http:\/\/corretoraideal.com.br\/blog\/wp-content\/uploads\/2018\/07\/ex-presidente-luiz-inacio-lula-da-silva-1.jpeg\" alt=\"Ex presidente Luiz In&aacute;cio Lula da Silva\" width=\"800\" height=\"400\" \/><\/img><\/a><a href=\"\/brasil\" class=\"widget-news-item-category color-theme\">O brasil<\/a><a href=\"https:\/\/exame.abril.com.br\/brasil\/preso-ha-100-dias-lula-mantem-pt-imobilizado\/\" class=\"\">preso, h&aacute; mais de 100 por dia, rsrs manter o pt ativos<\/a><i>query_builder<\/i> 15 de julho de 2018 &#8211; 09h07<\/li>\n<li><\/li>\n<\/ul>\n","protected":false},"excerpt":{"rendered":"<p>(Patricia monteiro\/P B) O ex-presidente Luiz In&aacute;cio Lula da Silva neste domingo, 100 dias na cadeia, j&aacute; que ele se rendeu no dia 7 de abril, para come&ccedil;ar a pena de corrup&ccedil;&atilde;o passiva e lavagem de dinheiro. Embora preso na sede da Pol&iacute;cia Federal em Curitiba, Lola, que governou o pa&iacute;s entre 2003 e 2010, [&hellip;]<\/p>\n","protected":false},"author":0,"featured_media":0,"comment_status":"open","ping_status":"open","sticky":false,"template":"","format":"standard","meta":{"footnotes":""},"categories":[],"tags":[],"class_list":["post-6054","post","type-post","status-publish","format-standard","hentry"],"_links":{"self":[{"href":"https:\/\/blog.corretoraideal.com.br\/index.php\/wp-json\/wp\/v2\/posts\/6054","targetHints":{"allow":["GET"]}}],"collection":[{"href":"https:\/\/blog.corretoraideal.com.br\/index.php\/wp-json\/wp\/v2\/posts"}],"about":[{"href":"https:\/\/blog.corretoraideal.com.br\/index.php\/wp-json\/wp\/v2\/types\/post"}],"replies":[{"embeddable":true,"href":"https:\/\/blog.corretoraideal.com.br\/index.php\/wp-json\/wp\/v2\/comments?post=6054"}],"version-history":[{"count":1,"href":"https:\/\/blog.corretoraideal.com.br\/index.php\/wp-json\/wp\/v2\/posts\/6054\/revisions"}],"predecessor-version":[{"id":6057,"href":"https:\/\/blog.corretoraideal.com.br\/index.php\/wp-json\/wp\/v2\/posts\/6054\/revisions\/6057"}],"wp:attachment":[{"href":"https:\/\/blog.corretoraideal.com.br\/index.php\/wp-json\/wp\/v2\/media?parent=6054"}],"wp:term":[{"taxonomy":"category","embeddable":true,"href":"https:\/\/blog.corretoraideal.com.br\/index.php\/wp-json\/wp\/v2\/categories?post=6054"},{"taxonomy":"post_tag","embeddable":true,"href":"https:\/\/blog.corretoraideal.com.br\/index.php\/wp-json\/wp\/v2\/tags?post=6054"}],"curies":[{"name":"wp","href":"https:\/\/api.w.org\/{rel}","templated":true}]}}