{"id":6130,"date":"2018-07-16T19:24:14","date_gmt":"2018-07-16T19:24:14","guid":{"rendered":"http:\/\/corretoraideal.com.br\/blog\/index.php\/2018\/07\/16\/cca_title\/"},"modified":"2018-07-16T19:24:29","modified_gmt":"2018-07-16T19:24:29","slug":"os-estados-unidos-anuncia-a-cooperacao-com-a-russia-na-siria-para-proteger-israel-exame","status":"publish","type":"post","link":"https:\/\/blog.corretoraideal.com.br\/index.php\/2018\/07\/16\/os-estados-unidos-anuncia-a-cooperacao-com-a-russia-na-siria-para-proteger-israel-exame\/","title":{"rendered":"Os Estados Unidos anuncia a coopera\u00e7\u00e3o com a R\u00fassia na S\u00edria para proteger Israel | exame"},"content":{"rendered":"<p><\/img><\/p>\n<p>Donald Trump: o Presidente dos Estados Unidos da Am&eacute;rica, e Putin, acredita que o encontro pode ter alterado a rela&ccedil;&atilde;o entre os dois pa&iacute;ses (Grigory Dukor\/Reuters)<\/p>\n<p>Helsinki &ndash; o Presidente dos Estados Unidos,<strong><a href=\"https:\/\/exame.abril.com.br\/noticias-sobre\/donald-trump\/\"> Donald Trump<\/a><\/strong>, disse na segunda-feira que o governo dos EUA ir&aacute; cooperar com a R&uacute;ssia para garantir a seguran&ccedil;a de Israel na S&iacute;ria.<\/p>\n<p>&#8220;Todo o custo com Bibi (o apelido do Primeiro-Ministro de <strong><a href=\"https:\/\/exame.abril.com.br\/noticias-sobre\/israel\">Israel,<\/a><\/strong>Benjamin Netanhay) e os que eles gostariam de fazer certas coisas na S&iacute;ria relacionadas com a seguran&ccedil;a do pa&iacute;s&#8221;, disse Trump em uma confer&ecirc;ncia de imprensa ap&oacute;s uma reuni&atilde;o com o Presidente russo, Vladimir Putin, na Cimeira realizada em Hels&iacute;nquia, Finl&acirc;ndia.<\/p>\n<p>&#8220;A r&uacute;ssia e os Estados Unidos trabalhar juntos nesta mat&eacute;ria&#8221;, disse o presidente, que confirmou o desejo de n&atilde;o <strong><a href=\"https:\/\/exame.abril.com.br\/noticias-sobre\/vladimir-putin\">Putin<\/a> <\/strong> &#8220;a cria&ccedil;&atilde;o da seguran&ccedil;a de Israel.&#8221;<\/p>\n<p>Na entrevista aduaneira comum Putin revelou que Israel havia participado de quatro horas de reuni&atilde;o com a Trombeta da reuni&atilde;o formal e o primeiro entre eles, j&aacute; que os Republicanos chegou ao poder em 2016.<\/p>\n<p>Al&eacute;m disso, Putin pediu a Israel e a <strong><a href=\"https:\/\/exame.abril.com.br\/noticias-sobre\/siria\">S&iacute;ria<\/a> <\/strong>cumprir com o acordo de cessar-fogo, em 1974, nas colinas do Col&atilde; ocupada pelo ex&eacute;rcito Israelense durante a Guerra dos Seis Dias (1967).<\/p>\n<p>Israel e S&iacute;ria est&atilde;o tecnicamente em guerra. As colinas de Gol&atilde;, foi palco de muitos acontecimentos desde o in&iacute;cio do conflito na S&iacute;ria em 2011. Em v&aacute;rias ocasi&otilde;es, o governo de israel denunciou sua presen&ccedil;a na &aacute;rea de mil&iacute;cias do ir&atilde; e o grupo Liban&ecirc;s Xiita &#8220;Hezbollah&#8221; leais ao Governo de <strong><a href=\"https:\/\/exame.abril.com.br\/noticias-sobre\/bashar-al-assad\">Bashar al-Assad<\/a><\/strong>.<\/p>\n<p>A conclus&atilde;o da c&uacute;pula, tanto Putin Trump considerou que a reuni&atilde;o tinha sido &uacute;til e mudou a rela&ccedil;&atilde;o entre os dois pa&iacute;ses.<\/p>\n<p>Veja tamb&eacute;m<\/p>\n<ul>\n<li><a class=\"widget-news-thumb mini\" href=\"https:\/\/exame.abril.com.br\/mundo\/putin-passa-para-trump-a-responsabilidade-de-resolver-conflito-na-siria\/\" rel=\"bookmark\"><img loading=\"lazy\" decoding=\"async\" class=\"aligncenter size-full wp-image-6132\" src=\"http:\/\/corretoraideal.com.br\/blog\/wp-content\/uploads\/2018\/07\/donald-trump-e-vladimir-putin-durante-primeira-cupula-entre-os-presidentes-dos-dois-paises-na-finlandia.jpeg\" alt=\"Donald Trump e Vladimir Putin durante primeira c&uacute;pula entre os presidentes dos dois pa&iacute;ses na Finl&acirc;ndia\" width=\"800\" height=\"400\" \/><\/img><\/a><a href=\"\/mundo\" class=\"widget-news-item-category color-theme\">Mundo<\/a><a href=\"https:\/\/exame.abril.com.br\/mundo\/putin-passa-para-trump-a-responsabilidade-de-resolver-conflito-na-siria\/\" class=\"\">Putin passa Trump a responsabilidade de resolver o conflito na S&iacute;ria<\/a><i>query_builder<\/i> 16 de julho de 2018 &#8211; 15h07<\/li>\n<li><a class=\"widget-news-thumb mini\" href=\"https:\/\/exame.abril.com.br\/mundo\/putin-diz-a-trump-que-russia-nao-interferiu-nas-eleicoes-dos-eua\/\" rel=\"bookmark\"><img loading=\"lazy\" decoding=\"async\" class=\"aligncenter size-full wp-image-6133\" src=\"http:\/\/corretoraideal.com.br\/blog\/wp-content\/uploads\/2018\/07\/trump-e-putin-durante-cupula-na-finlandia.jpeg\" alt=\"Trump e Putin durante c&uacute;pula na Finl&acirc;ndia\" width=\"800\" height=\"400\" \/><\/img><\/a><a href=\"\/mundo\" class=\"widget-news-item-category color-theme\">Mundo<\/a><a href=\"https:\/\/exame.abril.com.br\/mundo\/putin-diz-a-trump-que-russia-nao-interferiu-nas-eleicoes-dos-eua\/\" class=\"\">Putin diz Trump que a R&uacute;ssia n&atilde;o interferir nas elei&ccedil;&otilde;es Americanas<\/a><i>query_builder<\/i> 16 de julho de 2018 &#8211; 13h07<\/li>\n<li><a class=\"widget-news-thumb mini\" href=\"https:\/\/exame.abril.com.br\/mundo\/trump-cre-em-putin-e-nao-em-investigacao-da-inteligencia-dos-eua\/\" rel=\"bookmark\"><img loading=\"lazy\" decoding=\"async\" class=\"aligncenter size-full wp-image-6134\" src=\"http:\/\/corretoraideal.com.br\/blog\/wp-content\/uploads\/2018\/07\/donald-trump-e-vladimir-putin.jpeg\" alt=\"Donald Trump e Vladimir Putin\" width=\"800\" height=\"400\" \/><\/img><\/a><a href=\"\/mundo\" class=\"widget-news-item-category color-theme\">Mundo<\/a><a href=\"https:\/\/exame.abril.com.br\/mundo\/trump-cre-em-putin-e-nao-em-investigacao-da-inteligencia-dos-eua\/\" class=\"\">Trump acredita em Putin, ao inv&eacute;s de incluir na investiga&ccedil;&atilde;o da CIA<\/a><i>query_builder<\/i> 16 de julho de 2018 &#8211; 14h07<\/li>\n<li><\/li>\n<\/ul>\n","protected":false},"excerpt":{"rendered":"<p>Donald Trump: o Presidente dos Estados Unidos da Am&eacute;rica, e Putin, acredita que o encontro pode ter alterado a rela&ccedil;&atilde;o entre os dois pa&iacute;ses (Grigory Dukor\/Reuters) Helsinki &ndash; o Presidente dos Estados Unidos, Donald Trump, disse na segunda-feira que o governo dos EUA ir&aacute; cooperar com a R&uacute;ssia para garantir a seguran&ccedil;a de Israel na [&hellip;]<\/p>\n","protected":false},"author":0,"featured_media":0,"comment_status":"open","ping_status":"open","sticky":false,"template":"","format":"standard","meta":{"footnotes":""},"categories":[],"tags":[],"class_list":["post-6130","post","type-post","status-publish","format-standard","hentry"],"_links":{"self":[{"href":"https:\/\/blog.corretoraideal.com.br\/index.php\/wp-json\/wp\/v2\/posts\/6130","targetHints":{"allow":["GET"]}}],"collection":[{"href":"https:\/\/blog.corretoraideal.com.br\/index.php\/wp-json\/wp\/v2\/posts"}],"about":[{"href":"https:\/\/blog.corretoraideal.com.br\/index.php\/wp-json\/wp\/v2\/types\/post"}],"replies":[{"embeddable":true,"href":"https:\/\/blog.corretoraideal.com.br\/index.php\/wp-json\/wp\/v2\/comments?post=6130"}],"version-history":[{"count":1,"href":"https:\/\/blog.corretoraideal.com.br\/index.php\/wp-json\/wp\/v2\/posts\/6130\/revisions"}],"predecessor-version":[{"id":6135,"href":"https:\/\/blog.corretoraideal.com.br\/index.php\/wp-json\/wp\/v2\/posts\/6130\/revisions\/6135"}],"wp:attachment":[{"href":"https:\/\/blog.corretoraideal.com.br\/index.php\/wp-json\/wp\/v2\/media?parent=6130"}],"wp:term":[{"taxonomy":"category","embeddable":true,"href":"https:\/\/blog.corretoraideal.com.br\/index.php\/wp-json\/wp\/v2\/categories?post=6130"},{"taxonomy":"post_tag","embeddable":true,"href":"https:\/\/blog.corretoraideal.com.br\/index.php\/wp-json\/wp\/v2\/tags?post=6130"}],"curies":[{"name":"wp","href":"https:\/\/api.w.org\/{rel}","templated":true}]}}