{"id":6162,"date":"2018-07-17T05:23:47","date_gmt":"2018-07-17T05:23:47","guid":{"rendered":"http:\/\/corretoraideal.com.br\/blog\/index.php\/2018\/07\/17\/cca_title\/"},"modified":"2018-07-17T05:24:01","modified_gmt":"2018-07-17T05:24:01","slug":"pgr-ve-indicios-de-especializacao-de-lindbergh-em-nome-da-organizacao-dos-estados-americanos-exame","status":"publish","type":"post","link":"https:\/\/blog.corretoraideal.com.br\/index.php\/2018\/07\/17\/pgr-ve-indicios-de-especializacao-de-lindbergh-em-nome-da-organizacao-dos-estados-americanos-exame\/","title":{"rendered":"PGR v\u00ea ind\u00edcios de especializa\u00e7\u00e3o de Lindbergh, em nome da organiza\u00e7\u00e3o dos Estados Americanos | exame"},"content":{"rendered":"<p><\/img><\/p>\n<p>O Deputado disputou o cargo de Governador do Rio de Janeiro em 2014 pelo PT (Wilson dias\/ABr\/ag&ecirc;ncia Brasil)<\/p>\n<p>Bras&iacute;lia &ndash; o Gabinete do Procurador-Geral da Rep&uacute;blica<a href=\"https:\/\/exame.abril.com.br\/noticias-sobre\/transpetro\/\"><strong> (PGR<\/strong>)<\/a> enviou uma manifesta&ccedil;&atilde;o para o Supremo tribunal federal (<strong><a href=\"https:\/\/exame.abril.com.br\/noticias-sobre\/stf\/\">STF<\/a><\/strong>) afirma que h&aacute; ind&iacute;cios de que o senador<strong> Lindbergh farias<\/strong> (PT-RJ) atuou por uma empresa de constru&ccedil;&atilde;o civil a organiza&ccedil;&atilde;o dos Estados Americanos, em abordar a medida provis&oacute;ria do tempo, desde o Governo do ex-presidente da rep&uacute;blica, Dilma Rousseff (PT). As informa&ccedil;&otilde;es reveladas pelo jornal o mundo e assegurou a <strong>transmiss&atilde;o da pol&iacute;tica<\/strong>.<\/p>\n<p>A suspeita &eacute; que o Parlamento recebeu cerca de R $ 700 mil, entre 2013 e 2014, para defender os interesses dos Estados Americanos, durante o processamento do MP 600\/2012 que comer a contratos de constru&ccedil;&atilde;o de obras em aeroportos.<\/p>\n<p>De acordo com o Procurador-Geral da Rep&uacute;blica, Raquel dodge, h&aacute; evid&ecirc;ncias de que Lindbergh pode ter influenciado o acordo em fornecer o direito de veto da parcial, em favor dos interesses dos<strong><a href=\"https:\/\/exame.abril.com.br\/noticias-sobreoas\/\"> Estados Americanos<\/a><\/strong>. A MP foi convertida e o equivalente a lei, em junho de 2013.<\/p>\n<p>Dodge passado as informa&ccedil;&otilde;es para o STF na demonstra&ccedil;&atilde;o, a fim de limpar o pendente no Supremo Tribunal federal. Na <strong>transmiss&atilde;o de pol&iacute;tica<\/strong> constatou que o Ministro celso de Mello, Relator do caso, aceitou o pedido da PGR e enviar o inqu&eacute;rito para a Pol&iacute;cia Federal para o resultado final.<\/p>\n<p>Mensagens encontrado pelo FBI em um telefone celular do ex-Presidente da organiza&ccedil;&atilde;o dos Estados Americanos, L&eacute;o Pinheiro, do ponto de agendas de reuni&otilde;es com o parlamentar, o tratamento do MP. De acordo com o mundo, os pesquisadores reuniram-se evid&ecirc;ncias de que a organiza&ccedil;&atilde;o dos Estados Americanos aprovou, no m&iacute;nimo, R $ 700 mil para Lindbergh meio de pagamentos por servi&ccedil;os de propaganda em caixa dois.<\/p>\n<p>O Deputado disputou o cargo de Governador do Rio de Janeiro em 2014 para o Partido Trabalhista. No momento da re-elei&ccedil;&atilde;o de Luis Fernando Pez&atilde;o, o MDB.<\/p>\n<p><strong>Pagamento<\/strong><\/p>\n<p>A hist&oacute;ria est&aacute; a tentar contactar o senador. Espa&ccedil;o aberto para a manifesta&ccedil;&atilde;o.<\/p>\n<p>Veja tamb&eacute;m<\/p>\n<ul>\n<li><a class=\"widget-news-thumb mini\" href=\"https:\/\/exame.abril.com.br\/brasil\/toffoli-arquiva-inquerito-contra-senador-lindbergh-farias-pt\/\" rel=\"bookmark\"><img loading=\"lazy\" decoding=\"async\" class=\"aligncenter size-full wp-image-6164\" src=\"http:\/\/corretoraideal.com.br\/blog\/wp-content\/uploads\/2018\/07\/senador-lindbergh-farias.jpeg\" alt=\"Senador Lindbergh Farias\" width=\"800\" height=\"400\" \/><\/img><\/a><a href=\"\/brasil\" class=\"widget-news-item-category color-theme\">O brasil<\/a><a href=\"https:\/\/exame.abril.com.br\/brasil\/toffoli-arquiva-inquerito-contra-senador-lindbergh-farias-pt\/\" class=\"\">Toffoli arquiva inqu&eacute;rito contra o Senador Lindbergh farias (PT)<\/a><i>query_builder<\/i> 10 de Maio de 2018 &#8211; 15h05<\/li>\n<li><\/li>\n<\/ul>\n","protected":false},"excerpt":{"rendered":"<p>O Deputado disputou o cargo de Governador do Rio de Janeiro em 2014 pelo PT (Wilson dias\/ABr\/ag&ecirc;ncia Brasil) Bras&iacute;lia &ndash; o Gabinete do Procurador-Geral da Rep&uacute;blica (PGR) enviou uma manifesta&ccedil;&atilde;o para o Supremo tribunal federal (STF) afirma que h&aacute; ind&iacute;cios de que o senador Lindbergh farias (PT-RJ) atuou por uma empresa de constru&ccedil;&atilde;o civil a [&hellip;]<\/p>\n","protected":false},"author":0,"featured_media":0,"comment_status":"open","ping_status":"open","sticky":false,"template":"","format":"standard","meta":{"footnotes":""},"categories":[],"tags":[],"class_list":["post-6162","post","type-post","status-publish","format-standard","hentry"],"_links":{"self":[{"href":"https:\/\/blog.corretoraideal.com.br\/index.php\/wp-json\/wp\/v2\/posts\/6162","targetHints":{"allow":["GET"]}}],"collection":[{"href":"https:\/\/blog.corretoraideal.com.br\/index.php\/wp-json\/wp\/v2\/posts"}],"about":[{"href":"https:\/\/blog.corretoraideal.com.br\/index.php\/wp-json\/wp\/v2\/types\/post"}],"replies":[{"embeddable":true,"href":"https:\/\/blog.corretoraideal.com.br\/index.php\/wp-json\/wp\/v2\/comments?post=6162"}],"version-history":[{"count":1,"href":"https:\/\/blog.corretoraideal.com.br\/index.php\/wp-json\/wp\/v2\/posts\/6162\/revisions"}],"predecessor-version":[{"id":6165,"href":"https:\/\/blog.corretoraideal.com.br\/index.php\/wp-json\/wp\/v2\/posts\/6162\/revisions\/6165"}],"wp:attachment":[{"href":"https:\/\/blog.corretoraideal.com.br\/index.php\/wp-json\/wp\/v2\/media?parent=6162"}],"wp:term":[{"taxonomy":"category","embeddable":true,"href":"https:\/\/blog.corretoraideal.com.br\/index.php\/wp-json\/wp\/v2\/categories?post=6162"},{"taxonomy":"post_tag","embeddable":true,"href":"https:\/\/blog.corretoraideal.com.br\/index.php\/wp-json\/wp\/v2\/tags?post=6162"}],"curies":[{"name":"wp","href":"https:\/\/api.w.org\/{rel}","templated":true}]}}