{"id":61863,"date":"2024-06-07T15:29:51","date_gmt":"2024-06-07T15:29:51","guid":{"rendered":"https:\/\/blog.corretoraideal.com.br\/?p=61863"},"modified":"2024-06-07T15:29:51","modified_gmt":"2024-06-07T15:29:51","slug":"campeao-olimpico-de-volei-pampa-morre-aos-59-anos-em-sp-sao-paulo-g1","status":"publish","type":"post","link":"https:\/\/blog.corretoraideal.com.br\/index.php\/2024\/06\/07\/campeao-olimpico-de-volei-pampa-morre-aos-59-anos-em-sp-sao-paulo-g1\/","title":{"rendered":"Campe\u00e3o ol\u00edmpico de v\u00f4lei, Pampa morre aos 59 anos em SP | S\u00e3o Paulo | G1"},"content":{"rendered":"<br \/>\n<h1>Campe\u00e3o ol\u00edmpico de v\u00f4lei, Pampa morre aos 59 anos em SP <\/h1>\n<h2>Ex-jogador foi medalhista de ouro com a sele\u00e7\u00e3o brasileira nas Olimp\u00edadas de 1992; ele estava internado na Benefic\u00eancia Portuguesa em S\u00e3o Paulo para tratar Linfoma de Hodgkin. <\/h2>\n<p> Por g1 SP &mdash; S\u00e3o Paulo <\/p>\n<p>  07\/06\/2024 12h09    Atualizado  07\/06\/2024    <\/p>\n<p>                      1 de 3&#013;Pampa exibindo sua medalha ol\u00edmpica, em julho de 1999 \u2014 Foto: GLIBERTO LIMA\/ESTAD\u00c3O CONTE\u00daDO    <\/p>\n<p> Pampa exibindo sua medalha ol\u00edmpica, em julho de 1999 \u2014 Foto: GLIBERTO LIMA\/ESTAD\u00c3O CONTE\u00daDO <\/p>\n<p> O campe\u00e3o ol\u00edmpico de v\u00f4lei Andr\u00e9 Felippe Falbo Ferreira, o Pampa, morreu nesta sexta-feira (7), em S\u00e3o Paulo, aos 59 anos. A informa\u00e7\u00e3o foi divulgada pela Confedera\u00e7\u00e3o Brasileira de Voleibol. <\/p>\n<p>&quot;Pampa era um jogador de extremo talento e fez parte da gera\u00e7\u00e3o que levou o v\u00f4lei brasileiro pela primeira vez ao alto do p\u00f3dio ol\u00edmpico. Ser\u00e1 para sempre refer\u00eancia. \u00c9 um dia muito triste para todo o voleibol brasileiro. A CBV se solidariza com a fam\u00edlia e os amigos deste grande jogador, que escreveu seu nome para sempre na hist\u00f3ria do esporte mundial\u201d, disse o presidente da CBV, Radam\u00e9s Lattari, em nota.<\/p>\n<p> Pampa <strong>estava internado no Hospital Benefic\u00eancia Portuguesa<\/strong>, no Centro da capital, desde abril deste ano, <a class href=\"https:\/\/g1.globo.com\/sp\/sao-paulo\/noticia\/2024\/04\/20\/pampa-campeao-olimpico-de-volei-e-transferido-de-aviao-do-rj-para-ser-internado-e-seguir-tratamento-contra-cancer-em-hospital-de-sp.ghtml\">quando foi transferido de um hospital de Campos dos Goytacazes, Rio de Janeiro.<\/a> <\/p>\n<p> Desde o in\u00edcio do ano, o ex-jogador fazia tratamento contra o <strong>Linfoma de Hodgkin, <\/strong>tipo de c\u00e2ncer que se origina no sistema linf\u00e1tico, que \u00e9 conjunto de \u00f3rg\u00e3os e tecidos espalhados pelo corpo. <\/p>\n<p> Ainda n\u00e3o h\u00e1 informa\u00e7\u00e3o sobre vel\u00f3rio e enterro. <\/p>\n<p><h2>Carreira<\/h2>\n<\/p>\n<p>         2 de 3&#013;Andr\u00e9 Pampa quando jogava pela sele\u00e7\u00e3o brasileira de v\u00f4lei \u2014 Foto: Reprodu\u00e7\u00e3o\/TV Globo    <\/p>\n<p> Andr\u00e9 Pampa quando jogava pela sele\u00e7\u00e3o brasileira de v\u00f4lei \u2014 Foto: Reprodu\u00e7\u00e3o\/TV Globo <\/p>\n<p> Pampa \u00e9 o apelido de <strong>Andr\u00e9 Felippe Falbo Ferreira<\/strong>, pernambucano nascido em Recife. Al\u00e9m da medalha de ouro em Barcelona 1992, primeiro t\u00edtulo ol\u00edmpico do v\u00f4lei brasileiro, Pampa conquistou a Liga Mundial de 1993 e foi prata nos Jogos Pan-Americanos de 1991 com a sele\u00e7\u00e3o brasileira. <\/p>\n<p> Com a aposentadoria, dedicou-se \u00e0 pol\u00edtica e \u00e0 administra\u00e7\u00e3o p\u00fablica. <\/p>\n<p>         3 de 3&#013;Andr\u00e9 Pampa com a sele\u00e7\u00e3o brasileira de v\u00f4lei \u2014 Foto: Reprodu\u00e7\u00e3o\/TV Globo    <\/p>\n<p> Andr\u00e9 Pampa com a sele\u00e7\u00e3o brasileira de v\u00f4lei \u2014 Foto: Reprodu\u00e7\u00e3o\/TV Globo <\/p>\n<ul> <\/ul>\n<h3> <a id=\"js-next-article-desktop-link\" class=\"next-article-desktop-link\"><\/a> <\/h3>\n<h3> <a id=\"js-next-article-smart-link\" class=\"next-article-smart-link\"><\/a> <\/h3>\n<p>Veja tamb\u00e9m<\/p>\n<\/p>\n<\/p>\n<p>       Anterior   Pr\u00f3ximo     <\/p>\n","protected":false},"excerpt":{"rendered":"<p>Campe\u00e3o ol\u00edmpico de v\u00f4lei, Pampa morre aos 59 anos em SP Ex-jogador foi medalhista de ouro com a sele\u00e7\u00e3o brasileira nas Olimp\u00edadas de 1992; ele estava internado na Benefic\u00eancia Portuguesa em S\u00e3o Paulo para tratar Linfoma de Hodgkin. Por g1 SP &mdash; S\u00e3o Paulo 07\/06\/2024 12h09 Atualizado 07\/06\/2024 1 de 3&#013;Pampa exibindo sua medalha ol\u00edmpica, [&hellip;]<\/p>\n","protected":false},"author":1,"featured_media":0,"comment_status":"closed","ping_status":"closed","sticky":false,"template":"","format":"standard","meta":{"footnotes":""},"categories":[],"tags":[],"class_list":["post-61863","post","type-post","status-publish","format-standard","hentry"],"_links":{"self":[{"href":"https:\/\/blog.corretoraideal.com.br\/index.php\/wp-json\/wp\/v2\/posts\/61863","targetHints":{"allow":["GET"]}}],"collection":[{"href":"https:\/\/blog.corretoraideal.com.br\/index.php\/wp-json\/wp\/v2\/posts"}],"about":[{"href":"https:\/\/blog.corretoraideal.com.br\/index.php\/wp-json\/wp\/v2\/types\/post"}],"author":[{"embeddable":true,"href":"https:\/\/blog.corretoraideal.com.br\/index.php\/wp-json\/wp\/v2\/users\/1"}],"replies":[{"embeddable":true,"href":"https:\/\/blog.corretoraideal.com.br\/index.php\/wp-json\/wp\/v2\/comments?post=61863"}],"version-history":[{"count":1,"href":"https:\/\/blog.corretoraideal.com.br\/index.php\/wp-json\/wp\/v2\/posts\/61863\/revisions"}],"predecessor-version":[{"id":61865,"href":"https:\/\/blog.corretoraideal.com.br\/index.php\/wp-json\/wp\/v2\/posts\/61863\/revisions\/61865"}],"wp:attachment":[{"href":"https:\/\/blog.corretoraideal.com.br\/index.php\/wp-json\/wp\/v2\/media?parent=61863"}],"wp:term":[{"taxonomy":"category","embeddable":true,"href":"https:\/\/blog.corretoraideal.com.br\/index.php\/wp-json\/wp\/v2\/categories?post=61863"},{"taxonomy":"post_tag","embeddable":true,"href":"https:\/\/blog.corretoraideal.com.br\/index.php\/wp-json\/wp\/v2\/tags?post=61863"}],"curies":[{"name":"wp","href":"https:\/\/api.w.org\/{rel}","templated":true}]}}