{"id":62168,"date":"2024-06-13T21:30:12","date_gmt":"2024-06-13T21:30:12","guid":{"rendered":"https:\/\/blog.corretoraideal.com.br\/?p=62168"},"modified":"2024-06-13T21:30:12","modified_gmt":"2024-06-13T21:30:12","slug":"mae-de-detento-e-flagrada-tentando-entrar-em-presidio-com-drogas-escondidas-dentro-de-amaciante-em-itaperuna-norte-fluminense-g1","status":"publish","type":"post","link":"https:\/\/blog.corretoraideal.com.br\/index.php\/2024\/06\/13\/mae-de-detento-e-flagrada-tentando-entrar-em-presidio-com-drogas-escondidas-dentro-de-amaciante-em-itaperuna-norte-fluminense-g1\/","title":{"rendered":"M\u00e3e de detento \u00e9 flagrada tentando entrar em pres\u00eddio com drogas escondidas dentro de amaciante em Itaperuna | Norte Fluminense | G1"},"content":{"rendered":"<br \/>\n<h1>M\u00e3e de detento \u00e9 flagrada tentando entrar em pres\u00eddio com drogas escondidas dentro de amaciante em Itaperuna<\/h1>\n<h2>Material foi flagrado durante vistoria dos agentes penais do Norberto Ferreira de Moraes.<\/h2>\n<p> Por g1 &mdash; Itaperuna  <\/p>\n<p>  13\/06\/2024 09h32    Atualizado  13\/06\/2024    <\/p>\n<p>                      1 de 1&#013;Mulher foi levada para delegacia de Itaperuna. Ela \u00e9 suspeita de tentar entrar com droga em presidio \u2014 Foto: Inter TV    <\/p>\n<p> Mulher foi levada para delegacia de Itaperuna. Ela \u00e9 suspeita de tentar entrar com droga em presidio \u2014 Foto: Inter TV <\/p>\n<p> Uma mulher foi presa em flagrante por suspeita de tr\u00e1fico de drogas ao tentar entrar com um pacote de 120g de coca\u00edna no pres\u00eddio Norberto Ferreira de Moraes, no bairro Frigor\u00edfico, em <a class href=\"https:\/\/g1.globo.com\/rj\/norte-fluminense\/cidade\/itaperuna\/\">Itaperuna<\/a>, no Noroeste do estado. <\/p>\n<p> Ela que \u00e9 moradora de Miracema, cidade vizinha, e foi visitar um filho que est\u00e1 preso e foi flagrada por policiais penais durante revista ao produto. <\/p>\n<p> Durante a fiscaliza\u00e7\u00e3o de rotina, os agentes identificaram uma embalagem dentro do frasco cheio de amaciante. Ao retirarem o objeto constataram ser coca\u00edna. A suspeita foi levada para delegacia de Itaperuna. <\/p>\n<p> De acordo com a Secretaria de Administra\u00e7\u00e3o Penitenci\u00e1ria, a SEAP, &quot;o interno foi conduzido ao isolamento e responder\u00e1 junto a CTC, Comiss\u00e3o T\u00e9cnica de Classe, que \u00e9 um colegiado que decide a puni\u00e7\u00e3o do preso quando ele comete alguma infra\u00e7\u00e3o dentro da cadeia. Ser\u00e1 aberta sindic\u00e2ncia sum\u00e1ria para apura\u00e7\u00e3o dos fatos&quot;. <\/p>\n<p> A mulher foi levada ao pres\u00eddio em Campos onde vai passar por audi\u00eancia de cust\u00f3dia. <\/p>\n<p> O subsecret\u00e1rio-geral da Pol\u00edcia Penal, Igor Bicaco, destacou ao <strong>g1<\/strong> que as a\u00e7\u00f5es nas unidades prisionais do estado do Rio ser\u00e3o cada vez mais intensificadas pra impedir a entrada de materiais il\u00edcitos nos pres\u00eddios. <\/p>\n<p><h2>Mudan\u00e7a no nome do pres\u00eddio de Itaperuna <\/h2>\n<\/p>\n<p> De acordo com o diretor da unidade prisional de Itaperuna, Fabr\u00edcio Portugal, que a cerca de 7 meses assumiu o cargo, por meio de um decreto do governador, Cl\u00e1udio Castro, no fim do ano passado foi determinada a mudan\u00e7a de nome de pres\u00eddio Diomedes Vinhosa Muniz para pres\u00eddio Norberto Ferreira de Moraes. <\/p>\n<ul>\n<li> <a href=\"https:\/\/g1.globo.com\/rj\/norte-fluminense\/cidade\/itaperuna\/\" class=\"entities__list-itemLink\" data-track-click=\"Itaperuna\"> Itaperuna <\/a> <\/li>\n<\/ul>\n<h3> <a id=\"js-next-article-desktop-link\" class=\"next-article-desktop-link\"><\/a> <\/h3>\n<h3> <a id=\"js-next-article-smart-link\" class=\"next-article-smart-link\"><\/a> <\/h3>\n<p>Veja tamb\u00e9m<\/p>\n<\/p>\n<\/p>\n<p>       Anterior   Pr\u00f3ximo     <\/p>\n","protected":false},"excerpt":{"rendered":"<p>M\u00e3e de detento \u00e9 flagrada tentando entrar em pres\u00eddio com drogas escondidas dentro de amaciante em Itaperuna Material foi flagrado durante vistoria dos agentes penais do Norberto Ferreira de Moraes. Por g1 &mdash; Itaperuna 13\/06\/2024 09h32 Atualizado 13\/06\/2024 1 de 1&#013;Mulher foi levada para delegacia de Itaperuna. Ela \u00e9 suspeita de tentar entrar com droga [&hellip;]<\/p>\n","protected":false},"author":1,"featured_media":0,"comment_status":"closed","ping_status":"closed","sticky":false,"template":"","format":"standard","meta":{"footnotes":""},"categories":[],"tags":[],"class_list":["post-62168","post","type-post","status-publish","format-standard","hentry"],"_links":{"self":[{"href":"https:\/\/blog.corretoraideal.com.br\/index.php\/wp-json\/wp\/v2\/posts\/62168","targetHints":{"allow":["GET"]}}],"collection":[{"href":"https:\/\/blog.corretoraideal.com.br\/index.php\/wp-json\/wp\/v2\/posts"}],"about":[{"href":"https:\/\/blog.corretoraideal.com.br\/index.php\/wp-json\/wp\/v2\/types\/post"}],"author":[{"embeddable":true,"href":"https:\/\/blog.corretoraideal.com.br\/index.php\/wp-json\/wp\/v2\/users\/1"}],"replies":[{"embeddable":true,"href":"https:\/\/blog.corretoraideal.com.br\/index.php\/wp-json\/wp\/v2\/comments?post=62168"}],"version-history":[{"count":1,"href":"https:\/\/blog.corretoraideal.com.br\/index.php\/wp-json\/wp\/v2\/posts\/62168\/revisions"}],"predecessor-version":[{"id":62170,"href":"https:\/\/blog.corretoraideal.com.br\/index.php\/wp-json\/wp\/v2\/posts\/62168\/revisions\/62170"}],"wp:attachment":[{"href":"https:\/\/blog.corretoraideal.com.br\/index.php\/wp-json\/wp\/v2\/media?parent=62168"}],"wp:term":[{"taxonomy":"category","embeddable":true,"href":"https:\/\/blog.corretoraideal.com.br\/index.php\/wp-json\/wp\/v2\/categories?post=62168"},{"taxonomy":"post_tag","embeddable":true,"href":"https:\/\/blog.corretoraideal.com.br\/index.php\/wp-json\/wp\/v2\/tags?post=62168"}],"curies":[{"name":"wp","href":"https:\/\/api.w.org\/{rel}","templated":true}]}}