{"id":6233,"date":"2018-07-18T01:42:27","date_gmt":"2018-07-18T01:42:27","guid":{"rendered":"http:\/\/corretoraideal.com.br\/blog\/index.php\/2018\/07\/18\/cca_title\/"},"modified":"2018-07-18T01:42:41","modified_gmt":"2018-07-18T01:42:41","slug":"na-carta-as-industrias-brasileiras-alemao-argumentam-que-o-mercado-comum-e-a-uniao-europeia-contrato-exame","status":"publish","type":"post","link":"https:\/\/blog.corretoraideal.com.br\/index.php\/2018\/07\/18\/na-carta-as-industrias-brasileiras-alemao-argumentam-que-o-mercado-comum-e-a-uniao-europeia-contrato-exame\/","title":{"rendered":"Na carta, as ind\u00fastrias Brasileiras, alem\u00e3o, argumentam que o Mercado Comum e a Uni\u00e3o Europeia contrato | exame"},"content":{"rendered":"<p><\/img><\/p>\n<p>As negocia&ccedil;&otilde;es entre os blocos come&ccedil;aram em 1999 e foi interrompido entre 2004 e 2010 (publica&ccedil;&atilde;o\/divulga&ccedil;&atilde;o)<\/p>\n<p>Os representantes das ind&uacute;strias do<strong> <a href=\"https:\/\/exame.abril.com.br\/noticias-sobre\/internet\/\">Brasil<\/a> <\/strong>e <strong><a href=\"https:\/\/exame.abril.com.br\/noticias-sobre\/alemanha\/\">Alemanha<\/a><\/strong> assinaram uma carta defendendo a conclus&atilde;o do acordo de com&eacute;rcio entre o Mercado Comum e a Uni&atilde;o Europeia.<\/p>\n<p>O documento foi assinado pela Federa&ccedil;&atilde;o Nacional da Ind&uacute;stria (CNI), a confedera&ccedil;&atilde;o da ind&uacute;stria alem&atilde; (BDI), do Conselho da ind&uacute;stria alem&atilde; na Am&eacute;rica latina (LADW). Para a entidade, h&aacute; circunst&acirc;ncias pol&iacute;ticas favor&aacute;veis contrato ser&aacute; assinado.<\/p>\n<p>As negocia&ccedil;&otilde;es entre os blocos come&ccedil;aram em 1999 e foi interrompido entre 2004 e 2010. Parar o setor empresarial &eacute; de que o Acordo ser&aacute; conclu&iacute;do este ano, o que representaria o maior acordo de livre com&eacute;rcio assinados pelo Brasil, afetar a redu&ccedil;&atilde;o de barreiras tarif&aacute;rias e n&atilde;o-tarif&aacute;rias de servi&ccedil;os e aumento de investimento bilateral. De acordo com a pol&iacute;tica, a <strong><a href=\"https:\/\/exame.abril.com.br\/noticias-sobre\/uniao-europeia\/\">UE<\/a> <\/strong>&eacute; o principal investidor no MERCOSUL, o MERCOSUL &eacute; o sexto investidor em constru&ccedil;&otilde;es Europeias.<\/p>\n<p>Est&aacute; agendada para amanh&atilde; (18), em reuni&atilde;o em Bruxelas entre os Ministros dos dois blocos.<\/p>\n<p>No entanto, o Comiss&aacute;rio Europeu para a agricultura Phil Hogan, na segunda-feira (16), em Bruxelas, que a Uni&atilde;o Europeia n&atilde;o est&aacute; satisfeito com o andamento das negocia&ccedil;&otilde;es sobre o acordo de com&eacute;rcio e rejeitar a hip&oacute;tese de um acordo final ser&aacute; anunciado esta semana.<\/p>\n<p>Hogan disse que h&aacute; um impasse em sete temas: carros, pe&ccedil;as de ve&iacute;culos, regras de origem, contratos p&uacute;blicos, servi&ccedil;os, marinha e produtos l&aacute;cteos, e geogr&aacute;fica.<\/p>\n<p>Tamb&eacute;m est&atilde;o na lista de preocupa&ccedil;&otilde;es do <strong><a href=\"https:\/\/exame.abril.com.br\/noticias-sobre\/mercosul\/\">MERCOSUL e <\/a><\/strong> assuntos relacionados &agrave; carne bovina, a&ccedil;&uacute;car e etanol. Mais recentemente, entrei na discuss&atilde;o de press&atilde;o da Uni&atilde;o Europeia para reduzir o percentual de tarifas sobre as importa&ccedil;&otilde;es de Carros.<\/p>\n<p>Veja tamb&eacute;m<\/p>\n<ul>\n<li><a class=\"widget-news-thumb mini\" href=\"https:\/\/exame.abril.com.br\/economia\/ue-esta-insatisfeita-com-progresso-do-acordo-comercial-com-o-mercosul\/\" rel=\"bookmark\"><img loading=\"lazy\" decoding=\"async\" class=\"aligncenter size-full wp-image-6235\" src=\"http:\/\/corretoraideal.com.br\/blog\/wp-content\/uploads\/2018\/07\/bandeira-da-uniao-europeia.jpeg\" alt=\"Bandeira da Uni&atilde;o Europeia\" width=\"800\" height=\"400\" \/><\/img><\/a><a href=\"\/economia\" class=\"widget-news-item-category color-theme\">A economia da<\/a><a href=\"https:\/\/exame.abril.com.br\/economia\/ue-esta-insatisfeita-com-progresso-do-acordo-comercial-com-o-mercosul\/\" class=\"\">Uni&atilde;o Europeia n&atilde;o est&aacute; satisfeito com o progresso feito no acordo de com&eacute;rcio com o MERCOSUL<\/a><i>query_builder<\/i> 16 de julho de 2018 &#8211; 16h07<\/li>\n<li><\/li>\n<\/ul>\n","protected":false},"excerpt":{"rendered":"<p>As negocia&ccedil;&otilde;es entre os blocos come&ccedil;aram em 1999 e foi interrompido entre 2004 e 2010 (publica&ccedil;&atilde;o\/divulga&ccedil;&atilde;o) Os representantes das ind&uacute;strias do Brasil e Alemanha assinaram uma carta defendendo a conclus&atilde;o do acordo de com&eacute;rcio entre o Mercado Comum e a Uni&atilde;o Europeia. O documento foi assinado pela Federa&ccedil;&atilde;o Nacional da Ind&uacute;stria (CNI), a confedera&ccedil;&atilde;o da [&hellip;]<\/p>\n","protected":false},"author":0,"featured_media":0,"comment_status":"open","ping_status":"open","sticky":false,"template":"","format":"standard","meta":{"footnotes":""},"categories":[],"tags":[],"class_list":["post-6233","post","type-post","status-publish","format-standard","hentry"],"_links":{"self":[{"href":"https:\/\/blog.corretoraideal.com.br\/index.php\/wp-json\/wp\/v2\/posts\/6233","targetHints":{"allow":["GET"]}}],"collection":[{"href":"https:\/\/blog.corretoraideal.com.br\/index.php\/wp-json\/wp\/v2\/posts"}],"about":[{"href":"https:\/\/blog.corretoraideal.com.br\/index.php\/wp-json\/wp\/v2\/types\/post"}],"replies":[{"embeddable":true,"href":"https:\/\/blog.corretoraideal.com.br\/index.php\/wp-json\/wp\/v2\/comments?post=6233"}],"version-history":[{"count":1,"href":"https:\/\/blog.corretoraideal.com.br\/index.php\/wp-json\/wp\/v2\/posts\/6233\/revisions"}],"predecessor-version":[{"id":6236,"href":"https:\/\/blog.corretoraideal.com.br\/index.php\/wp-json\/wp\/v2\/posts\/6233\/revisions\/6236"}],"wp:attachment":[{"href":"https:\/\/blog.corretoraideal.com.br\/index.php\/wp-json\/wp\/v2\/media?parent=6233"}],"wp:term":[{"taxonomy":"category","embeddable":true,"href":"https:\/\/blog.corretoraideal.com.br\/index.php\/wp-json\/wp\/v2\/categories?post=6233"},{"taxonomy":"post_tag","embeddable":true,"href":"https:\/\/blog.corretoraideal.com.br\/index.php\/wp-json\/wp\/v2\/tags?post=6233"}],"curies":[{"name":"wp","href":"https:\/\/api.w.org\/{rel}","templated":true}]}}