{"id":6254,"date":"2018-07-18T12:11:41","date_gmt":"2018-07-18T12:11:41","guid":{"rendered":"http:\/\/corretoraideal.com.br\/blog\/index.php\/2018\/07\/18\/cca_title\/"},"modified":"2018-07-18T12:11:59","modified_gmt":"2018-07-18T12:11:59","slug":"uniao-tera-a-reflexao-sobre-a-privatizacao-da-eletrobras-exame","status":"publish","type":"post","link":"https:\/\/blog.corretoraideal.com.br\/index.php\/2018\/07\/18\/uniao-tera-a-reflexao-sobre-a-privatizacao-da-eletrobras-exame\/","title":{"rendered":"Uni\u00e3o ter\u00e1 a reflex\u00e3o sobre a privatiza\u00e7\u00e3o da Eletrobras | exame"},"content":{"rendered":"<p><\/img><\/p>\n<p>Eletrobras: o governo comprometeu-se a prejudicar o funcionamento de distribuidores no estado a partir de julho (Ueslei marcelino\/Reuters)<\/p>\n<p>Bras&iacute;lia &ndash; o governo comprometeu-se a prejudicar o funcionamento das empresas de distribui&ccedil;&atilde;o da <strong><a href=\"https:\/\/exame.abril.com.br\/noticias-sobre\/eletrobras\/\">Eletrobras<\/a> <\/strong>de julho, se n&atilde;o for privatizada neste ano. Conta Eletrobr&aacute;s com seis empresas giram em torno de R $ 400 milh&otilde;es por m&ecirc;s. Como vai ser o pagamento desta conta &eacute; ainda uma quest&atilde;o em aberto, de acordo com o encontrado Estad&atilde;o\/transmiss&atilde;o.<\/p>\n<p>Um decreto publicado na ter&ccedil;a-feira, 17, pelo Minist&eacute;rio de minas e energia garante que &#8220;a neutralidade econ&ocirc;mica&#8221; despesas de empresas que atuam no acre, Amazonas, roraima, rond&ocirc;nia, alagoas, piau&iacute;. Isso significa que a Eletrobr&aacute;s &ndash; que n&atilde;o chegaram a acordo para a renova&ccedil;&atilde;o das concess&otilde;es ainda est&aacute; na frente das empresas de presta&ccedil;&atilde;o tempor&aacute;ria de servi&ccedil;os, at&eacute; o leil&atilde;o &ndash; eu n&atilde;o vou mais pagar as despesas destes distribuidores. Esta situa&ccedil;&atilde;o pode ocorrer entre 1.Th de agosto e 31 de dezembro, as empresas de distribui&ccedil;&atilde;o s&atilde;o privatizados.<\/p>\n<p>No Memorando do Minist&eacute;rio das Finan&ccedil;as tem subestimado a import&acirc;ncia desta celebra&ccedil;&atilde;o. O Conselho disse que a premissa de que s&oacute; vai ocorrer se n&atilde;o for poss&iacute;vel para privatizar a empresa, antes do final do ano. &#8220;Estamos confiantes de que a venda vai ocorrer, de modo que o dispositivo at&eacute; que ele &eacute; ejetado.&#8221;<\/p>\n<p>O leil&atilde;o estava marcado para o dia 26 de julho, mas o Tribunal de Justi&ccedil;a levou o governo a suspender o concurso para trabalhar com a premissa de que o re-leil&atilde;o agendado para o m&ecirc;s de agosto. Em ter&ccedil;a0 quinta-feira, 17, o governo conseguiu cancelar o pedido.<\/p>\n<p>Para que isso aconte&ccedil;a, no entanto, os acionistas minorit&aacute;rios na empresa tem de aceitar para prorrogar o per&iacute;odo de transfer&ecirc;ncia do controlo sobre as subsidi&aacute;rias, que termina no dia 31 de julho para 31 de dezembro deste ano, ou at&eacute; a entrada de um novo operador. A Assembleia Geral agendada para 30 de julho.<\/p>\n<p>O Decreto atende a preocupa&ccedil;&atilde;o do Governo da Eletrobr&aacute;s para os acionistas decidiram votar contra a prorroga&ccedil;&atilde;o do per&iacute;odo de compromisso de aprovar a liquida&ccedil;&atilde;o da empresa. Neste cen&aacute;rio, a Eletrobras para suportar a perda de R $ 23 milh&otilde;es.<\/p>\n<p>A lei garante que n&atilde;o haver&aacute; diferen&ccedil;a se, no final, a decis&atilde;o tomada em julho ou em dezembro. O custo ser&aacute; zero, i.e. que n&atilde;o h&aacute; risco de se arrepender.<\/p>\n<p>Mas o problema &eacute; que a publica&ccedil;&atilde;o diz que, uma vez que n&atilde;o &eacute; claro como o custo ser&aacute; pago. Os custos de distribuidores foram financiados atrav&eacute;s de tr&ecirc;s fontes: as tarifas dos clientes das empresas; empr&eacute;stimos subsidiados financiado pelo consumidor de todo o pa&iacute;s, com recursos do setor e do Fundo de reserva global de revers&atilde;o (RGR); os fundos da Eletrobr&aacute;s. Mesmo com estas instru&ccedil;&otilde;es de utiliza&ccedil;&atilde;o, em 2017, deram um preju&iacute;zo de R $ 4,2 milh&otilde;es para a holding.<\/p>\n<p>Voc&ecirc; j&aacute; sabe que o sector Fundo RGR n&atilde;o tem recursos suficientes para pagar os custos da conta adicional. H&aacute; no or&ccedil;amento para atender a esta despesa. Por outro lado, j&aacute; existem planos na lei 12.783\/2013, para que haja um &#8220;acerto de contas&#8221; entre doador empresas para servi&ccedil;os tempor&aacute;rios. As informa&ccedil;&otilde;es do jornal o estado de S&atilde;o Paulo.<\/p>\n","protected":false},"excerpt":{"rendered":"<p>Eletrobras: o governo comprometeu-se a prejudicar o funcionamento de distribuidores no estado a partir de julho (Ueslei marcelino\/Reuters) Bras&iacute;lia &ndash; o governo comprometeu-se a prejudicar o funcionamento das empresas de distribui&ccedil;&atilde;o da Eletrobras de julho, se n&atilde;o for privatizada neste ano. Conta Eletrobr&aacute;s com seis empresas giram em torno de R $ 400 milh&otilde;es por [&hellip;]<\/p>\n","protected":false},"author":0,"featured_media":0,"comment_status":"open","ping_status":"open","sticky":false,"template":"","format":"standard","meta":{"footnotes":""},"categories":[],"tags":[],"class_list":["post-6254","post","type-post","status-publish","format-standard","hentry"],"_links":{"self":[{"href":"https:\/\/blog.corretoraideal.com.br\/index.php\/wp-json\/wp\/v2\/posts\/6254","targetHints":{"allow":["GET"]}}],"collection":[{"href":"https:\/\/blog.corretoraideal.com.br\/index.php\/wp-json\/wp\/v2\/posts"}],"about":[{"href":"https:\/\/blog.corretoraideal.com.br\/index.php\/wp-json\/wp\/v2\/types\/post"}],"replies":[{"embeddable":true,"href":"https:\/\/blog.corretoraideal.com.br\/index.php\/wp-json\/wp\/v2\/comments?post=6254"}],"version-history":[{"count":1,"href":"https:\/\/blog.corretoraideal.com.br\/index.php\/wp-json\/wp\/v2\/posts\/6254\/revisions"}],"predecessor-version":[{"id":6256,"href":"https:\/\/blog.corretoraideal.com.br\/index.php\/wp-json\/wp\/v2\/posts\/6254\/revisions\/6256"}],"wp:attachment":[{"href":"https:\/\/blog.corretoraideal.com.br\/index.php\/wp-json\/wp\/v2\/media?parent=6254"}],"wp:term":[{"taxonomy":"category","embeddable":true,"href":"https:\/\/blog.corretoraideal.com.br\/index.php\/wp-json\/wp\/v2\/categories?post=6254"},{"taxonomy":"post_tag","embeddable":true,"href":"https:\/\/blog.corretoraideal.com.br\/index.php\/wp-json\/wp\/v2\/tags?post=6254"}],"curies":[{"name":"wp","href":"https:\/\/api.w.org\/{rel}","templated":true}]}}