{"id":631,"date":"2018-06-16T16:35:27","date_gmt":"2018-06-16T16:35:27","guid":{"rendered":"http:\/\/corretoraideal.com.br\/blog\/index.php\/2018\/06\/16\/cca_title\/"},"modified":"2020-04-25T22:29:48","modified_gmt":"2020-04-25T22:29:48","slug":"voce-quer-fazer-uma-reforma-clique-aqui-para-ver-dicas-importantes","status":"publish","type":"post","link":"https:\/\/blog.corretoraideal.com.br\/index.php\/2018\/06\/16\/voce-quer-fazer-uma-reforma-clique-aqui-para-ver-dicas-importantes\/","title":{"rendered":"Voc\u00ea quer fazer uma reforma? Clique aqui para ver dicas importantes"},"content":{"rendered":"<p>Existem aqueles que t\u00eam o trauma da reforma: \u00e9 pedreiro que est\u00e1 faltando, um material que diminui, mas o per\u00edodo n\u00e3o \u00e9 cumprida e as despesas que s\u00e3o estendidos por qualquer motivo. Tudo isso, no entanto, pode ser diminu\u00edda se o propriet\u00e1rio da propriedade para definir as prioridades, saber o que voc\u00ea quer desde o in\u00edcio. Claro, um arquiteto ajuda muito nessa hora, especialmente se o trabalho envolvido pe\u00e7as estruturais.<\/p>\n<p><strong>Objetivo<\/strong><\/p>\n<p>&#8220;A primeira coisa a pensar na aposentadoria, que \u00e9 o objetivo que se tem. O que vai ser transformado: se toda uma constru\u00e7\u00e3o ou um ambiente. E o que se pretende reformar, ampliar o espa\u00e7o, para ganhar brilho, basta alterar o estilo&#8221;, explica o arquiteto, Denise Aurora office Aurora Arquitetura.<\/p>\n<p><img loading=\"lazy\" decoding=\"async\" class=\"aligncenter size-full wp-image-633\" src=\"http:\/\/corretoraideal.com.br\/blog\/wp-content\/uploads\/2018\/06\/imagem16-06-2018-16-06-28.jpeg\" alt=\"imagem16-06-2018-16-06-28\" width=\"800\" height=\"400\" \/>(Foto: Shutterstock)<\/p>\n<p><strong>Planejamento<\/strong><\/p>\n<p>Primeiro \u00e9 necess\u00e1rio saber o n\u00edvel de interfer\u00eancia, se \u00e9 algo mais est\u00e9tico, ou desloca-se para qualquer quest\u00e3o estrutural como, por exemplo, a divis\u00e3o de um ambiente. Esta impactos sobre o tempo. Voc\u00ea tamb\u00e9m precisa definir o quanto voc\u00ea deseja gastar para adaptar-se a reforma do or\u00e7amento.<\/p>\n<p><img loading=\"lazy\" decoding=\"async\" class=\"aligncenter size-full wp-image-634\" src=\"http:\/\/corretoraideal.com.br\/blog\/wp-content\/uploads\/2018\/06\/imagem16-06-2018-16-06-29.jpeg\" alt=\"imagem16-06-2018-16-06-29\" width=\"800\" height=\"400\" \/>(Foto: Shutterstock)<\/p>\n<p><strong>Planta do im\u00f3vel<\/strong><\/p>\n<p>A arquiteta Gislene Lopes diz que a planta \u00e9 essencial. &#8220;Todos devem ter o projeto arquitet\u00f4nico e complementar em suas m\u00e3os. Mas nem sempre isso ocorre. Nestes casos, pedimos a microfilmagem de documentos de projeto na prefeitura e que podemos ter acesso a planta do im\u00f3vel, desta forma&#8221;.<\/p>\n<p><strong>Ajuda profissional<\/strong><\/p>\n<p>Um arquiteto sempre dar a voc\u00ea mais seguran\u00e7a na aposentadoria. A ideia \u00e9 que o profissional saiba que para evitar gastos desnecess\u00e1rios, o planejamento para o or\u00e7amento de forma correta. &#8220;No entanto, se a pessoa quiser fazer o trabalho por sua conta e risco, ciente de que \u00e9 imposs\u00edvel derrubar e construir paredes, sem a devida orienta\u00e7\u00e3o&#8221;, diz Gislene.<\/p>\n<p><strong>Pe\u00e7as essenciais<\/strong><\/p>\n<p>As partes hidr\u00e1ulica e el\u00e9trica deve ser sempre revisto, especialmente em im\u00f3veis antigos. Ningu\u00e9m pensa quebrar tudo novamente no final da reforma, porque um tubo deu fuga, certo? Por Gislene, deve-se tamb\u00e9m a aten\u00e7\u00e3o para a instala\u00e7\u00e3o de novos pontos de venda. &#8220;N\u00e3o adianta voc\u00ea colocar a cama e n\u00e3o t\u00eam levado a uma l\u00e2mpada de luz&#8221;. De acordo com Denise, este \u00e9 um passo chamado de &#8220;detalhamento&#8221;. &#8220;Quando o arquiteto entende os objetivos do cliente, o projeto vai se desenrolar&#8221;.<\/p>\n<p><strong><a href=\"https:\/\/www.corretoraideal.com.br\/buscar?order=neighborhood&amp;availability=rent\">+ Est\u00e1 pensando em alugar um im\u00f3vel?<\/a><\/strong><\/p>\n<p><strong><a href=\"https:\/\/www.corretoraideal.com.br\/buscar?order=neighborhood&amp;availability=buy\">+ Est\u00e1 pensando em Comprar um im\u00f3vel?<\/a><\/strong><\/p>\n<p><a href=\"https:\/\/www.corretoraideal.com.br\/anuncie-seu-imovel\"><strong>+ Precisando Vender seu Im\u00f3vel?<\/strong><\/a><\/p>\n<p><strong><a href=\"https:\/\/www.corretoraideal.com.br\/avaliacao-de-imoveis-em-campos-dos-goytacazes\">+ Avalia\u00e7\u00e3o de Imoveis<\/a><\/strong><\/p>\n<p><strong><a href=\"https:\/\/www.corretoraideal.com.br\/aluguel-e-administracao-de-imoveis-em-campos-dos-goytacazes\">+ Administra\u00e7\u00e3o de Imoveis<\/a>\u00a0<\/strong><\/p>\n<p><strong><a href=\"https:\/\/www.corretoraideal.com.br\/despachante-imobiliario-em-campos-dos-goytacazes\">+ Despachante Imobili\u00e1rio\u00a0<\/a><\/strong><\/p>\n<p><strong><a href=\"https:\/\/www.corretoraideal.com.br\/despachante-imobiliario-em-campos-dos-goytacazes\">+ Financiamento Imobili\u00e1rio<\/a>\u00a0<\/strong><\/p>\n<p><strong><a href=\"https:\/\/www.corretoraideal.com.br\/vistoria-imobiliaria-em-campos-dos-goytacazes\">+ Vistoria Imobili\u00e1ria Profissional<\/a>\u00a0<\/strong><\/p>\n<p><strong><a href=\"https:\/\/www.corretoraideal.com.br\/coordenacao-de-lancamentos-imobiliarios\">+ Coordena\u00e7\u00e3o de Lan\u00e7amentos<\/a>\u00a0<\/strong><\/p>\n<p><strong><a href=\"https:\/\/www.corretoraideal.com.br\/busca-de-lojas-e-pontos-comerciais\">+ Servi\u00e7os Corporativos<\/a>\u00a0<\/strong><\/p>\n<p>Ideal Neg\u00f3cios Imobili\u00e1rios, sua <a href=\"https:\/\/www.corretoraideal.com.br\/\">Imobili\u00e1ria em Campos dos Goytacazes<\/a><\/p>\n","protected":false},"excerpt":{"rendered":"<p>Existem aqueles que t\u00eam o trauma da reforma: \u00e9 pedreiro que est\u00e1 faltando, um material que diminui, mas o per\u00edodo n\u00e3o \u00e9 cumprida e as despesas que s\u00e3o estendidos por qualquer motivo. Tudo isso, no entanto, pode ser diminu\u00edda se o propriet\u00e1rio da propriedade para definir as prioridades, saber o que voc\u00ea quer desde o [&hellip;]<\/p>\n","protected":false},"author":1,"featured_media":0,"comment_status":"open","ping_status":"open","sticky":false,"template":"","format":"standard","meta":{"footnotes":""},"categories":[],"tags":[],"class_list":["post-631","post","type-post","status-publish","format-standard","hentry"],"_links":{"self":[{"href":"https:\/\/blog.corretoraideal.com.br\/index.php\/wp-json\/wp\/v2\/posts\/631","targetHints":{"allow":["GET"]}}],"collection":[{"href":"https:\/\/blog.corretoraideal.com.br\/index.php\/wp-json\/wp\/v2\/posts"}],"about":[{"href":"https:\/\/blog.corretoraideal.com.br\/index.php\/wp-json\/wp\/v2\/types\/post"}],"author":[{"embeddable":true,"href":"https:\/\/blog.corretoraideal.com.br\/index.php\/wp-json\/wp\/v2\/users\/1"}],"replies":[{"embeddable":true,"href":"https:\/\/blog.corretoraideal.com.br\/index.php\/wp-json\/wp\/v2\/comments?post=631"}],"version-history":[{"count":2,"href":"https:\/\/blog.corretoraideal.com.br\/index.php\/wp-json\/wp\/v2\/posts\/631\/revisions"}],"predecessor-version":[{"id":30311,"href":"https:\/\/blog.corretoraideal.com.br\/index.php\/wp-json\/wp\/v2\/posts\/631\/revisions\/30311"}],"wp:attachment":[{"href":"https:\/\/blog.corretoraideal.com.br\/index.php\/wp-json\/wp\/v2\/media?parent=631"}],"wp:term":[{"taxonomy":"category","embeddable":true,"href":"https:\/\/blog.corretoraideal.com.br\/index.php\/wp-json\/wp\/v2\/categories?post=631"},{"taxonomy":"post_tag","embeddable":true,"href":"https:\/\/blog.corretoraideal.com.br\/index.php\/wp-json\/wp\/v2\/tags?post=631"}],"curies":[{"name":"wp","href":"https:\/\/api.w.org\/{rel}","templated":true}]}}