{"id":6506,"date":"2018-07-21T09:22:35","date_gmt":"2018-07-21T09:22:35","guid":{"rendered":"http:\/\/corretoraideal.com.br\/blog\/index.php\/2018\/07\/21\/cca_title\/"},"modified":"2018-07-21T09:22:49","modified_gmt":"2018-07-21T09:22:49","slug":"galeria-livre-de-recrutamento-tem-vagas-de-emprego-em-grandes-empresas-para-a-formacao-exame","status":"publish","type":"post","link":"https:\/\/blog.corretoraideal.com.br\/index.php\/2018\/07\/21\/galeria-livre-de-recrutamento-tem-vagas-de-emprego-em-grandes-empresas-para-a-formacao-exame\/","title":{"rendered":"Galeria livre de recrutamento t\u00eam vagas de emprego em grandes empresas para a forma\u00e7\u00e3o | exame"},"content":{"rendered":"<p><\/img><\/p>\n<p>Jovens talentos: o processo de inscri&ccedil;&atilde;o, endere&ccedil;o consiste de tr&ecirc;s passos (UberImages\/Thinkstock\/Thinkstock)<\/p>\n<p>Na segunda carreira de professor confer&ecirc;ncia <strong><a href=\"https:\/\/exame.abril.com.br\/noticias-sobre\/diversidade-no-trabalho\">de desenvolvimento<\/a> <\/strong>capacita!, No Rio de Janeiro abrir entradas. O evento gratuito, que conecta empresas de diferentes sectores de <strong><a href=\"https:\/\/exame.abril.com.br\/noticias-sobre\/carreira-jovem\">jovens talentos<\/a><\/strong> , n&atilde;o s&oacute; proporciona oportunidades de trabalho, como a forma&ccedil;&atilde;o de redes e desenvolvimento. Empresas como Coca-Cola, Google, \u0648ambev, Kraft, Heinz, a McKinsey e a Globosat, participou.<\/p>\n<p>Com um n&uacute;mero limitado de lugares, e a &uacute;nica pessoa a participar na exposi&ccedil;&atilde;o &eacute; para ser registrado ou para concluir a p&oacute;s-gradua&ccedil;&atilde;o, no m&aacute;ximo, tr&ecirc;s anos. N&atilde;o h&aacute; nenhuma restri&ccedil;&atilde;o, &eacute; claro, e, embora a confer&ecirc;ncia acontecendo no Rio de Janeiro, estudantes de todo o Brasil podem participar. Para isso &eacute; necess&aacute;rio se inscrever at&eacute; o dia 29 de julho, com a <a href=\"https:\/\/comunidadeempodera.com.br\/empodera\/processoSeletivo\/mostrar?_ga=2.151634489.1265370344.1532091880-1676713545.1530726485\">posi&ccedil;&atilde;o da sociedade!, <\/a> Plataforma de educa&ccedil;&atilde;o Online para melhorar os conhecimentos de recrutamento.<\/p>\n<h3>Esta&ccedil;&otilde;es<\/h3>\n<p>No &acirc;mbito da confer&ecirc;ncia de desenvolvimento capacita!, Os participantes podem conversar com os recrutadores e gerentes de empresas tabelas de relacionamento, para saber tudo sobre sua cultura e tamb&eacute;m sobre o treinamento, programas de trainee, vagas efetivas.<\/p>\n<p>H&aacute; tamb&eacute;m uma oportunidade para avaliar e &#8220;vender seu peixe&#8221; para institui&ccedil;&otilde;es, nas salas de timbre e din&acirc;mica.<\/p>\n<h3>Como se inscrever<\/h3>\n<p>Para a an&aacute;lise, o primeiro passo &eacute; se registrar na <a href=\"https:\/\/comunidadeempodera.com.br\/empodera\/processoSeletivo\/mostrar?_ga=2.151634489.1265370344.1532091880-1676713545.1530726485\">plataforma capacita!. <\/a> Ap&oacute;s o processo de cadastro &eacute; o registro de endere&ccedil;o &eacute; composto de tr&ecirc;s etapas. Primeiro a conta, com o preenchimento dos dados pessoais, acad&ecirc;micos e profissionais &ndash; aplica&ccedil;&atilde;o de testes on-line (home e ingl&ecirc;s).<\/p>\n<p>Ap&oacute;s a primeira fase, o candidato deve gravar um v&iacute;deo com uma dura&ccedil;&atilde;o m&aacute;xima de dois minutos e envie o link de v&iacute;deo do YouTube sobre o produto. E, finalmente, aqueles que forem selecionados ser&atilde;o convidados para uma avalia&ccedil;&atilde;o on-line ou face-a-face com um recrutador e.<\/p>\n<p>Veja tamb&eacute;m<\/p>\n<ul>\n<li><a class=\"widget-news-thumb mini\" href=\"https:\/\/exame.abril.com.br\/videos\/sua-carreira\/na-entrevista-por-video-candidatos-erram-muito-neste-ponto\/\" rel=\"bookmark\"><img loading=\"lazy\" decoding=\"async\" class=\"aligncenter size-full wp-image-6508\" src=\"http:\/\/corretoraideal.com.br\/blog\/wp-content\/uploads\/2018\/07\/videoconferencia.jpeg\" alt=\"v&iacute;deoconfer&ecirc;ncia\" width=\"800\" height=\"400\" \/><\/img><\/a><a href=\"\/carreira\" class=\"widget-news-item-category color-theme\">Carreira voc&ecirc; S\/A<\/a><a href=\"https:\/\/exame.abril.com.br\/videos\/sua-carreira\/na-entrevista-por-video-candidatos-erram-muito-neste-ponto\/\" class=\"\">no v&iacute;deo da entrevista os candidatos fazem tantos erros neste ponto<\/a><i>query_builder<\/i> 27 de Mar&ccedil;o de 2018 &#8211; 09h03<\/li>\n<li><\/li>\n<\/ul>\n<ul>\n<li>Este artigo publicado originalmente por <a href=\"https:\/\/www.napratica.org.br\/inscricoes-conferencia-diversidade-empodera\/\" target=\"_blank\" rel=\"noopener\">em pr&aacute;tica<\/a>, o gateway de estudo da Funda&ccedil;&atilde;o.<\/li>\n<\/ul>\n","protected":false},"excerpt":{"rendered":"<p>Jovens talentos: o processo de inscri&ccedil;&atilde;o, endere&ccedil;o consiste de tr&ecirc;s passos (UberImages\/Thinkstock\/Thinkstock) Na segunda carreira de professor confer&ecirc;ncia de desenvolvimento capacita!, No Rio de Janeiro abrir entradas. O evento gratuito, que conecta empresas de diferentes sectores de jovens talentos , n&atilde;o s&oacute; proporciona oportunidades de trabalho, como a forma&ccedil;&atilde;o de redes e desenvolvimento. Empresas como [&hellip;]<\/p>\n","protected":false},"author":0,"featured_media":0,"comment_status":"open","ping_status":"open","sticky":false,"template":"","format":"standard","meta":{"footnotes":""},"categories":[],"tags":[],"class_list":["post-6506","post","type-post","status-publish","format-standard","hentry"],"_links":{"self":[{"href":"https:\/\/blog.corretoraideal.com.br\/index.php\/wp-json\/wp\/v2\/posts\/6506","targetHints":{"allow":["GET"]}}],"collection":[{"href":"https:\/\/blog.corretoraideal.com.br\/index.php\/wp-json\/wp\/v2\/posts"}],"about":[{"href":"https:\/\/blog.corretoraideal.com.br\/index.php\/wp-json\/wp\/v2\/types\/post"}],"replies":[{"embeddable":true,"href":"https:\/\/blog.corretoraideal.com.br\/index.php\/wp-json\/wp\/v2\/comments?post=6506"}],"version-history":[{"count":1,"href":"https:\/\/blog.corretoraideal.com.br\/index.php\/wp-json\/wp\/v2\/posts\/6506\/revisions"}],"predecessor-version":[{"id":6509,"href":"https:\/\/blog.corretoraideal.com.br\/index.php\/wp-json\/wp\/v2\/posts\/6506\/revisions\/6509"}],"wp:attachment":[{"href":"https:\/\/blog.corretoraideal.com.br\/index.php\/wp-json\/wp\/v2\/media?parent=6506"}],"wp:term":[{"taxonomy":"category","embeddable":true,"href":"https:\/\/blog.corretoraideal.com.br\/index.php\/wp-json\/wp\/v2\/categories?post=6506"},{"taxonomy":"post_tag","embeddable":true,"href":"https:\/\/blog.corretoraideal.com.br\/index.php\/wp-json\/wp\/v2\/tags?post=6506"}],"curies":[{"name":"wp","href":"https:\/\/api.w.org\/{rel}","templated":true}]}}