{"id":7145,"date":"2018-07-28T01:33:34","date_gmt":"2018-07-28T01:33:34","guid":{"rendered":"http:\/\/corretoraideal.com.br\/blog\/index.php\/2018\/07\/28\/cca_title\/"},"modified":"2018-07-28T01:33:49","modified_gmt":"2018-07-28T01:33:49","slug":"estados-unidos-milhares-de-familias-de-imigrantes-reunificadas-recebeu-um-pedido-de-remocao-exame","status":"publish","type":"post","link":"https:\/\/blog.corretoraideal.com.br\/index.php\/2018\/07\/28\/estados-unidos-milhares-de-familias-de-imigrantes-reunificadas-recebeu-um-pedido-de-remocao-exame\/","title":{"rendered":"Estados unidos: milhares de fam\u00edlias de Imigrantes reunificadas recebeu um pedido de remo\u00e7\u00e3o | exame"},"content":{"rendered":"<p><\/img><\/p>\n<p>A ACLU afirma que as fam&iacute;lias est&atilde;o vivendo no caos (.\/Getty)<\/p>\n<p>San Diego &ndash; cerca de mil fam&iacute;lias reunificadas ap&oacute;s a separa&ccedil;&atilde;o, na fronteira com o <strong><a href=\"https:\/\/exame.abril.com.br\/noticias-sobre\/mexico\/\">M&eacute;xico<\/a><\/strong> , no quadro de uma pol&iacute;tica de &#8220;toler&acirc;ncia zero&#8221;, o Governo dos<strong><a href=\"https:\/\/exame.abril.com.br\/noticias-sobre\/estados-unidos\/\"> Estados Unidos<\/a><\/strong> contra a imigra&ccedil;&atilde;o ilegal, j&aacute; existe, e a data de deporta&ccedil;&atilde;o, informou na sexta-feira o u.s. O governo.<\/p>\n<p>Durante a audi&ecirc;ncia em um tribunal federal em San Diego, os advogados do Minist&eacute;rio da Justi&ccedil;a explicou que durante este de mil camas, e 392 ainda est&atilde;o sob cust&oacute;dia das autoridades de imigra&ccedil;&atilde;o. Ele lan&ccedil;ou outros, mas eles est&atilde;o sendo monitorados pelo Governo atrav&eacute;s de tornozeleiras eletr&ocirc;nicas.<\/p>\n<p>Juiz Dana Sabraw, for&ccedil;ando o governo a reunir as crian&ccedil;as separadas de seus pais, na fronteira, a pedido da American Civil Liberties Union (ACLU), informou que vai levar esta semana a decis&atilde;o sobre o pedido para a nova organiza&ccedil;&atilde;o.<\/p>\n<p>A ACLU quer que as fam&iacute;lias dos imigrantes n&atilde;o ser deportado antes de sete dias de consolida&ccedil;&atilde;o.<\/p>\n<p>A inicial Sabraw decidiu u.s. O governo de tr&aacute;s-os at&eacute; ontem 2.551 os filhos de migrantes para seus pais. O executivo disse ontem que j&aacute; arrecadou mais de 1800 fam&iacute;lia &#8220;qualificado&#8221; para participar na consolida&ccedil;&atilde;o.<\/p>\n<p>A ACLU afirma que as fam&iacute;lias est&atilde;o vivendo em desordem e precisam de mais tempo para decidir se para entrar em um longo processo na tentativa de permanecer no pa&iacute;s ou regressar aos seus pa&iacute;ses de origem.<\/p>\n<p>&#8220;As fam&iacute;lias n&atilde;o tiveram a oportunidade de decidir o que fazer no futuro, se continuar com o longo processo a pedido do Comit&ecirc;, o que voc&ecirc; vai fazer com os filhos, se eles n&atilde;o podem ficar com &eacute; uma coisa muito dif&iacute;cil decidir o momento em que s&atilde;o v&aacute;rios meses de dist&acirc;ncia&#8221;, disse o vice-diretor da ACLU, Lee Gelernt.<\/p>\n<p>Na reuni&atilde;o de hoje, Sabraw voltou a destacar o trabalho feito pelo governo para reunir as fam&iacute;lias, mas criticou o fato de que os advogados, Minist&eacute;rio da Justi&ccedil;a, n&atilde;o fornece um registro preciso dos pais, deportar aqueles que foram lan&ccedil;ados e esperamos que o juiz de imigra&ccedil;&atilde;o para olhar em seu pedido de asilo.<\/p>\n<p>Veja tamb&eacute;m<\/p>\n<ul>\n<li><a class=\"widget-news-thumb mini\" href=\"https:\/\/exame.abril.com.br\/mundo\/numero-de-detencoes-de-imigrantes-ilegais-cai-18-na-fronteira-eua-mexico\/\" rel=\"bookmark\"><img loading=\"lazy\" decoding=\"async\" class=\"aligncenter size-full wp-image-7147\" src=\"http:\/\/corretoraideal.com.br\/blog\/wp-content\/uploads\/2018\/07\/imigrantes-nos-estados-unidos.jpeg\" alt=\"Imigrantes nos Estados Unidos\" width=\"800\" height=\"400\" \/><\/img><\/a><a href=\"\/mundo\" class=\"widget-news-item-category color-theme\">O mundo<\/a><a href=\"https:\/\/exame.abril.com.br\/mundo\/numero-de-detencoes-de-imigrantes-ilegais-cai-18-na-fronteira-eua-mexico\/\" class=\"\">n&uacute;mero de deten&ccedil;&otilde;es de imigrantes ilegais cai de 18% na fronteira entre os Estados Unidos e o M&eacute;xico<\/a><i>query_builder<\/i> 5 de julho de 2018 &#8211; 17h07<\/li>\n<li><\/li>\n<\/ul>\n","protected":false},"excerpt":{"rendered":"<p>A ACLU afirma que as fam&iacute;lias est&atilde;o vivendo no caos (.\/Getty) San Diego &ndash; cerca de mil fam&iacute;lias reunificadas ap&oacute;s a separa&ccedil;&atilde;o, na fronteira com o M&eacute;xico , no quadro de uma pol&iacute;tica de &#8220;toler&acirc;ncia zero&#8221;, o Governo dos Estados Unidos contra a imigra&ccedil;&atilde;o ilegal, j&aacute; existe, e a data de deporta&ccedil;&atilde;o, informou na sexta-feira [&hellip;]<\/p>\n","protected":false},"author":0,"featured_media":0,"comment_status":"open","ping_status":"open","sticky":false,"template":"","format":"standard","meta":{"footnotes":""},"categories":[],"tags":[],"class_list":["post-7145","post","type-post","status-publish","format-standard","hentry"],"_links":{"self":[{"href":"https:\/\/blog.corretoraideal.com.br\/index.php\/wp-json\/wp\/v2\/posts\/7145","targetHints":{"allow":["GET"]}}],"collection":[{"href":"https:\/\/blog.corretoraideal.com.br\/index.php\/wp-json\/wp\/v2\/posts"}],"about":[{"href":"https:\/\/blog.corretoraideal.com.br\/index.php\/wp-json\/wp\/v2\/types\/post"}],"replies":[{"embeddable":true,"href":"https:\/\/blog.corretoraideal.com.br\/index.php\/wp-json\/wp\/v2\/comments?post=7145"}],"version-history":[{"count":1,"href":"https:\/\/blog.corretoraideal.com.br\/index.php\/wp-json\/wp\/v2\/posts\/7145\/revisions"}],"predecessor-version":[{"id":7148,"href":"https:\/\/blog.corretoraideal.com.br\/index.php\/wp-json\/wp\/v2\/posts\/7145\/revisions\/7148"}],"wp:attachment":[{"href":"https:\/\/blog.corretoraideal.com.br\/index.php\/wp-json\/wp\/v2\/media?parent=7145"}],"wp:term":[{"taxonomy":"category","embeddable":true,"href":"https:\/\/blog.corretoraideal.com.br\/index.php\/wp-json\/wp\/v2\/categories?post=7145"},{"taxonomy":"post_tag","embeddable":true,"href":"https:\/\/blog.corretoraideal.com.br\/index.php\/wp-json\/wp\/v2\/tags?post=7145"}],"curies":[{"name":"wp","href":"https:\/\/api.w.org\/{rel}","templated":true}]}}