{"id":722,"date":"2018-06-16T18:11:34","date_gmt":"2018-06-16T18:11:34","guid":{"rendered":"http:\/\/corretoraideal.com.br\/blog\/index.php\/2018\/06\/16\/cca_title\/"},"modified":"2020-04-25T22:50:11","modified_gmt":"2020-04-25T22:50:11","slug":"mural-de-inspiracao-confira-o-passo-a-passo-de-como-fazer","status":"publish","type":"post","link":"https:\/\/blog.corretoraideal.com.br\/index.php\/2018\/06\/16\/mural-de-inspiracao-confira-o-passo-a-passo-de-como-fazer\/","title":{"rendered":"Mural de inspira\u00e7\u00e3o: confira o passo-a-passo de como fazer"},"content":{"rendered":"<p>Ter suas maiores inspira\u00e7\u00f5es sempre \u00e0 m\u00e3o \u00e9 muito f\u00e1cil, afinal, para isso existem as redes sociais, como Pinterest ou Instagram. Mas, \u00e0s vezes elas s\u00e3o t\u00e3o lindas que voc\u00ea deseja deix\u00e1-los sempre em vista, inclusive na decora\u00e7\u00e3o.<\/p>\n<p>Para isso, Melissa Ery, Escolher blog Melissa, ensina como fazer um mural de corti\u00e7a, pr\u00e1tica e bonita para voc\u00ea guardar suas inspira\u00e7\u00f5es, ou mem\u00f3rias e deixar a decora\u00e7\u00e3o da sua casa perder a ess\u00eancia.<\/p>\n<h2>Materiais<\/h2>\n<p><img loading=\"lazy\" decoding=\"async\" class=\"aligncenter size-full wp-image-724\" src=\"http:\/\/corretoraideal.com.br\/blog\/wp-content\/uploads\/2018\/06\/imagem16-06-2018-18-06-36.gif\" alt=\"imagem16-06-2018-18-06-36\" width=\"800\" height=\"400\" \/><\/p>\n<p>Quadro de avisos do tamanho de sua prefer\u00eancia<br \/>\nCadeia<br \/>\nTesoura<br \/>\nBed bugs<br \/>\nPregadores<br \/>\nFotos, pap\u00e9is; qualquer coisa que voc\u00ea deseja colocar na moldura<\/p>\n<h2>Passo-a-passo<\/h2>\n<p><img loading=\"lazy\" decoding=\"async\" class=\"aligncenter size-full wp-image-725\" src=\"http:\/\/corretoraideal.com.br\/blog\/wp-content\/uploads\/2018\/06\/imagem16-06-2018-18-06-37.gif\" alt=\"imagem16-06-2018-18-06-37\" width=\"800\" height=\"400\" \/>Com a seq\u00fc\u00eancia de caracteres, me\u00e7a o tamanho do que ser\u00e1 o seu &#8220;varal&#8221;. A medida do tamanho do quadro \u00e9 o suficiente para ter um varal legal (Foto: Melissa Ery\/ZAP em Casa),<img loading=\"lazy\" decoding=\"async\" class=\"aligncenter size-full wp-image-726\" src=\"http:\/\/corretoraideal.com.br\/blog\/wp-content\/uploads\/2018\/06\/imagem16-06-2018-18-06-38.gif\" alt=\"imagem16-06-2018-18-06-38\" width=\"800\" height=\"400\" \/>cortar os peda\u00e7os de barbante. Por isso, pense antes em como muitos varais voc\u00ea vai querer em seu quadro e cut-out do item de acordo com este n\u00famero (Melissa Ery\/ZAP em Casa),<img loading=\"lazy\" decoding=\"async\" class=\"aligncenter size-full wp-image-727\" src=\"http:\/\/corretoraideal.com.br\/blog\/wp-content\/uploads\/2018\/06\/imagem16-06-2018-18-06-39.gif\" alt=\"imagem16-06-2018-18-06-39\" width=\"800\" height=\"400\" \/>d\u00ea um n\u00f3 em cada ponta da corda e de separar os dois insetos para cada seq\u00fc\u00eancia de caracteres (Foto: Melissa Ery\/ZAP em Casa),<img loading=\"lazy\" decoding=\"async\" class=\"aligncenter size-full wp-image-728\" src=\"http:\/\/corretoraideal.com.br\/blog\/wp-content\/uploads\/2018\/06\/imagem16-06-2018-18-06-40.gif\" alt=\"imagem16-06-2018-18-06-40\" width=\"800\" height=\"400\" \/>o Doca de percevejos no meio de n\u00f3s e, se h\u00e1 um barbante, corte-los (Foto: Melissa Ery\/ZAP em Casa)<img loading=\"lazy\" decoding=\"async\" class=\"aligncenter size-full wp-image-729\" src=\"http:\/\/corretoraideal.com.br\/blog\/wp-content\/uploads\/2018\/06\/imagem16-06-2018-18-06-41.gif\" alt=\"imagem16-06-2018-18-06-41\" width=\"800\" height=\"400\" \/>Come\u00e7ar a pregar os erros em ambos os lados da arma\u00e7\u00e3o (Foto: Melissa Ery\/ZAP em Casa)<img loading=\"lazy\" decoding=\"async\" class=\"aligncenter size-full wp-image-730\" src=\"http:\/\/corretoraideal.com.br\/blog\/wp-content\/uploads\/2018\/06\/imagem16-06-2018-18-06-42.gif\" alt=\"imagem16-06-2018-18-06-42\" width=\"800\" height=\"400\" \/>, em Seguida, come\u00e7ar a organizar o layout de suas imagens no quadro (Foto: Melissa Ery\/ZAP em Casa)Por fim, \u00e9 s\u00f3 colocar um pregador em cada imagem e voc\u00ea ter\u00e1 um lindo quadrinhos inspira\u00e7\u00f5es (Foto: Melissa Ery\/ZAP em Casa)<\/p>\n<p><strong><a href=\"https:\/\/www.corretoraideal.com.br\/buscar?order=neighborhood&amp;availability=rent\">+ Est\u00e1 pensando em alugar um im\u00f3vel?<\/a><\/strong><\/p>\n<p><strong><a href=\"https:\/\/www.corretoraideal.com.br\/buscar?order=neighborhood&amp;availability=buy\">+ Est\u00e1 pensando em Comprar um im\u00f3vel?<\/a><\/strong><\/p>\n<p><a href=\"https:\/\/www.corretoraideal.com.br\/anuncie-seu-imovel\"><strong>+ Precisando Vender seu Im\u00f3vel?<\/strong><\/a><\/p>\n<p><strong><a href=\"https:\/\/www.corretoraideal.com.br\/avaliacao-de-imoveis-em-campos-dos-goytacazes\">+ Avalia\u00e7\u00e3o de Imoveis<\/a><\/strong><\/p>\n<p><strong><a href=\"https:\/\/www.corretoraideal.com.br\/aluguel-e-administracao-de-imoveis-em-campos-dos-goytacazes\">+ Administra\u00e7\u00e3o de Imoveis<\/a>\u00a0<\/strong><\/p>\n<p><strong><a href=\"https:\/\/www.corretoraideal.com.br\/despachante-imobiliario-em-campos-dos-goytacazes\">+ Despachante Imobili\u00e1rio\u00a0<\/a><\/strong><\/p>\n<p><strong><a href=\"https:\/\/www.corretoraideal.com.br\/despachante-imobiliario-em-campos-dos-goytacazes\">+ Financiamento Imobili\u00e1rio<\/a>\u00a0<\/strong><\/p>\n<p><strong><a href=\"https:\/\/www.corretoraideal.com.br\/vistoria-imobiliaria-em-campos-dos-goytacazes\">+ Vistoria Imobili\u00e1ria Profissional<\/a>\u00a0<\/strong><\/p>\n<p><strong><a href=\"https:\/\/www.corretoraideal.com.br\/coordenacao-de-lancamentos-imobiliarios\">+ Coordena\u00e7\u00e3o de Lan\u00e7amentos<\/a>\u00a0<\/strong><\/p>\n<p><strong><a href=\"https:\/\/www.corretoraideal.com.br\/busca-de-lojas-e-pontos-comerciais\">+ Servi\u00e7os Corporativos<\/a>\u00a0<\/strong><\/p>\n<p>Ideal Neg\u00f3cios Imobili\u00e1rios, sua <a href=\"https:\/\/www.corretoraideal.com.br\/\">Imobili\u00e1ria em Campos dos Goytacazes<\/a><\/p>\n","protected":false},"excerpt":{"rendered":"<p>Ter suas maiores inspira\u00e7\u00f5es sempre \u00e0 m\u00e3o \u00e9 muito f\u00e1cil, afinal, para isso existem as redes sociais, como Pinterest ou Instagram. Mas, \u00e0s vezes elas s\u00e3o t\u00e3o lindas que voc\u00ea deseja deix\u00e1-los sempre em vista, inclusive na decora\u00e7\u00e3o. Para isso, Melissa Ery, Escolher blog Melissa, ensina como fazer um mural de corti\u00e7a, pr\u00e1tica e bonita [&hellip;]<\/p>\n","protected":false},"author":1,"featured_media":0,"comment_status":"open","ping_status":"open","sticky":false,"template":"","format":"standard","meta":{"footnotes":""},"categories":[],"tags":[],"class_list":["post-722","post","type-post","status-publish","format-standard","hentry"],"_links":{"self":[{"href":"https:\/\/blog.corretoraideal.com.br\/index.php\/wp-json\/wp\/v2\/posts\/722","targetHints":{"allow":["GET"]}}],"collection":[{"href":"https:\/\/blog.corretoraideal.com.br\/index.php\/wp-json\/wp\/v2\/posts"}],"about":[{"href":"https:\/\/blog.corretoraideal.com.br\/index.php\/wp-json\/wp\/v2\/types\/post"}],"author":[{"embeddable":true,"href":"https:\/\/blog.corretoraideal.com.br\/index.php\/wp-json\/wp\/v2\/users\/1"}],"replies":[{"embeddable":true,"href":"https:\/\/blog.corretoraideal.com.br\/index.php\/wp-json\/wp\/v2\/comments?post=722"}],"version-history":[{"count":2,"href":"https:\/\/blog.corretoraideal.com.br\/index.php\/wp-json\/wp\/v2\/posts\/722\/revisions"}],"predecessor-version":[{"id":30335,"href":"https:\/\/blog.corretoraideal.com.br\/index.php\/wp-json\/wp\/v2\/posts\/722\/revisions\/30335"}],"wp:attachment":[{"href":"https:\/\/blog.corretoraideal.com.br\/index.php\/wp-json\/wp\/v2\/media?parent=722"}],"wp:term":[{"taxonomy":"category","embeddable":true,"href":"https:\/\/blog.corretoraideal.com.br\/index.php\/wp-json\/wp\/v2\/categories?post=722"},{"taxonomy":"post_tag","embeddable":true,"href":"https:\/\/blog.corretoraideal.com.br\/index.php\/wp-json\/wp\/v2\/tags?post=722"}],"curies":[{"name":"wp","href":"https:\/\/api.w.org\/{rel}","templated":true}]}}