{"id":7386,"date":"2018-07-31T07:44:21","date_gmt":"2018-07-31T07:44:21","guid":{"rendered":"http:\/\/corretoraideal.com.br\/blog\/index.php\/2018\/07\/31\/cca_title\/"},"modified":"2018-07-31T07:44:44","modified_gmt":"2018-07-31T07:44:44","slug":"icones-de-construcao-da-arquitetura-voce-sabe-o-que","status":"publish","type":"post","link":"https:\/\/blog.corretoraideal.com.br\/index.php\/2018\/07\/31\/icones-de-construcao-da-arquitetura-voce-sabe-o-que\/","title":{"rendered":"\u00cdcones de constru\u00e7\u00e3o da arquitetura: voc\u00ea sabe o que?"},"content":{"rendered":"<p><\/img><\/p>\n<p>\t\t\t<a href=\"https:\/\/blogdaarquitetura.com\/categoria\/fotografia\/\"><\/p>\n<p> Fotografia<br \/>\n <\/a><\/p>\n<h2>\n &Iacute;cones de constru&ccedil;&atilde;o da arquitetura: voc&ecirc; sabe o que?<\/h2>\n<p> Escrito por: <a href=\"https:\/\/blogdaarquitetura.com\/author\/lucie-ferreira\/\" title=\"Posts de Lucie Ferreira\" rel=\"author\">Lucie Ferreira<\/a> em 02\/09\/2015 <\/p>\n<p>Sim, voc&ecirc; reconhece os &iacute;cones da arquitetura a arquitetura finalizado. Mas ele &eacute; constru&iacute;do?<\/p>\n<p>Eles tinham o mestre n&atilde;o s&oacute; em suas respectivas cidades, mas em todo o mundo. Alguns s&atilde;o cl&aacute;ssicos, outros contempor&acirc;neos, mas tudo o que permanecer&aacute; para sempre em enciclop&eacute;dias, e arquitet&ocirc;nicas e, por que n&atilde;o, nos guias de viagem?<\/p>\n<p>Voc&ecirc; consegue adivinhar? As respostas est&atilde;o no final da p&aacute;gina.<\/p>\n<h3>1)<\/h3>\n<p><img loading=\"lazy\" decoding=\"async\" class=\"aligncenter size-full wp-image-7388\" src=\"http:\/\/corretoraideal.com.br\/blog\/wp-content\/uploads\/2018\/07\/imagem31-07-2018-07-07-23.jpeg\" alt=\"imagem31-07-2018-07-07-23\" width=\"800\" height=\"400\" \/><\/img><\/p>\n<h3>2)<\/h3>\n<p><\/img><\/p>\n<h3>3)<\/h3>\n<p><img loading=\"lazy\" decoding=\"async\" class=\"aligncenter size-full wp-image-7389\" src=\"http:\/\/corretoraideal.com.br\/blog\/wp-content\/uploads\/2018\/07\/icones-da-arquitetura3-blog-da-arquitetura.jpeg\" alt=\"icones da arquitetura3 blog da arquitetura\" width=\"800\" height=\"400\" \/><\/img><\/p>\n<h3>4)<\/h3>\n<p><img loading=\"lazy\" decoding=\"async\" class=\"aligncenter size-full wp-image-7390\" src=\"http:\/\/corretoraideal.com.br\/blog\/wp-content\/uploads\/2018\/07\/icones-da-arquitetura4-blog-da-arquitetura.jpeg\" alt=\"icones da arquitetura4 blog da arquitetura\" width=\"800\" height=\"400\" \/><\/img><\/p>\n<h3>5)<\/h3>\n<p><img loading=\"lazy\" decoding=\"async\" class=\"aligncenter size-full wp-image-7391\" src=\"http:\/\/corretoraideal.com.br\/blog\/wp-content\/uploads\/2018\/07\/icones-da-arquitetura5-blog-da-arquitetura.jpeg\" alt=\"icones da arquitetura5 blog da arquitetura\" width=\"800\" height=\"400\" \/><\/img><\/p>\n<h3>6)<\/h3>\n<p><img loading=\"lazy\" decoding=\"async\" class=\"aligncenter size-full wp-image-7392\" src=\"http:\/\/corretoraideal.com.br\/blog\/wp-content\/uploads\/2018\/07\/icones-da-arquitetura6-blog-da-arquitetura.jpeg\" alt=\"icones da arquitetura6 blog da arquitetura\" width=\"800\" height=\"400\" \/><\/img><\/p>\n<h3>+Respostas<\/h3>\n<p>1) opera house, em Sydney, Austr&aacute;lia, em 1961. Assinado pelo arquiteto dinamarqu&ecirc;s J&oslash;rn Utzon, o trabalho levou quase 15 anos para ficar pronto. Foto: Mashable<\/p>\n<p>2) Congresso Nacional, em Bras&iacute;lia, no final da d&eacute;cada de 1950. Projetado por Oscar Niemeyer, &eacute; um dos maiores &iacute;cones da arquitetura modernista no mundo. <i>Foto<\/i>: Imast&oacute;ria<\/p>\n<p>3) o Empire State Building, em Nova York, em meados da d&eacute;cada de 1930. O maior representante do estilo art-d&eacute;co, foi projetado pelos arquitetos do fim do escrit&oacute;rio nova-york-Shreve, Lamb &amp; Harmon. Foto: Entediado Builder<\/p>\n<p>4) o Burj Al Arab, em Dubai, nos emirados &Aacute;rabes Unidos, que foi conclu&iacute;da em 1999. O hotel de luxo-um dos s&iacute;mbolos da cidade de Dubai, &eacute; indispens&aacute;vel o trabalho do arquiteto brit&acirc;nico Tom Wright. Foto: Nacional<\/p>\n<p>5) 30 St Mary Axe, em Londres, em 2001. A constru&ccedil;&atilde;o do p&oacute;s-moderno leva a assinatura do escrit&oacute;rio Foster and Partners e em 2003. Foto: Wikip&eacute;dia<\/p>\n<p>6) o Centro Pompidou-Metz, em Metz, na Fran&ccedil;a, que foi inaugurado em 2010. O projeto foi assinado pelo arquiteto japon&ecirc;s Shigeru Ban, vencedor do Pr&ecirc;mio Pritzker de Arquitetura em 2014. Foto: Peri<\/p>\n<p> 2 de setembro de 2015<br \/>\n <a href=\"#\" class=\"eltd-like\" id=\"eltd-like-4009-513\" title=\"Like this\"><i><\/i>0<\/a><br \/>\n <a class=\"eltd-post-info-comments\" href=\"https:\/\/blogdaarquitetura.com\/icones-da-arquitetura-sendo-construidos-voce-sabe-quais-sao\/#respond\" target=\"_self\"><\/p>\n<p> 0<br \/>\n <\/a><\/p>\n<ul>\n<li>\n\t<a class=\"eltd-share-link\" href=\"\/\/\"><\/p>\n<p>\t\t\t<\/a>\n<\/li>\n<li>\n\t<a class=\"eltd-share-link\" href=\"\/\/\"><\/p>\n<p>\t\t\t<\/a>\n<\/li>\n<li>\n\t<a class=\"eltd-share-link\" href=\"\/\/\"><\/p>\n<p>\t\t\t<\/a>\n<\/li>\n<li>\n\t<a class=\"eltd-share-link\" href=\"\/\/\"><\/p>\n<p>\t\t\t<\/a>\n<\/li>\n<\/ul>\n<p>\t\t\t\t\t<a href=\"https:\/\/blogdaarquitetura.com\/assunto\/brasilia\/\"><\/p>\n<p> Brasil<br \/>\n <\/a><br \/>\n <a href=\"https:\/\/blogdaarquitetura.com\/assunto\/burj-al-arab\/\"><\/p>\n<p> O Burj al Arab<br \/>\n <\/a><br \/>\n :\/\/blogdaarquitetura.com\/assunto\/centre-pompidou-metz\/ dados-tag-slug=&#8217;centro pompidou-metz&gt;<\/p>\n<p> Centre Pompidou-Metz<br \/>\n <\/a><br \/>\n <a href=\"https:\/\/blogdaarquitetura.com\/assunto\/congresso-nacional\/\"><\/p>\n<p> Congresso Nacional<br \/>\n <\/a><br \/>\n <a href=\"https:\/\/blogdaarquitetura.com\/assunto\/dubai\/\"><\/p>\n<p> Dubai<br \/>\n <\/a><br \/>\n <a href=\"https:\/\/blogdaarquitetura.com\/assunto\/empire-state-building\/\"><\/p>\n<p> O Empire State Building<br \/>\n <\/a><br \/>\n <a href=\"https:\/\/blogdaarquitetura.com\/assunto\/foster-and-partners\/\"><\/p>\n<p> Foster and Partners<br \/>\n <\/a><br \/>\n <a href=\"https:\/\/blogdaarquitetura.com\/assunto\/icone\/\"><\/p>\n<p> &iacute;cone<br \/>\n <\/a><br \/>\n <a href=\"https:\/\/blogdaarquitetura.com\/assunto\/icones-da-arquitetura\/\"><\/p>\n<p> &iacute;cones da arquitetura<br \/>\n <\/a><br \/>\n <a href=\"https:\/\/blogdaarquitetura.com\/assunto\/jorn-utzon\/\"><\/p>\n<p> J&oslash;rn Utzon<br \/>\n <\/a><br \/>\n <a href=\"https:\/\/blogdaarquitetura.com\/assunto\/lamb-harmon\/\"><\/p>\n<p> Cordeiro &amp; Harmon<br \/>\n <\/a><br \/>\n <a href=\"https:\/\/blogdaarquitetura.com\/assunto\/londres\/\"><\/p>\n<p> londres<br \/>\n <\/a><br \/>\n <a href=\"https:\/\/blogdaarquitetura.com\/assunto\/nova-york\/\"><\/p>\n<p> Nova York<br \/>\n <\/a><br \/>\n <a href=\"https:\/\/blogdaarquitetura.com\/assunto\/opera-house\/\"><\/p>\n<p> Casa De &Oacute;pera<br \/>\n <\/a><br \/>\n <a href=\"https:\/\/blogdaarquitetura.com\/assunto\/oscar-niemeyer\/\"><\/p>\n<p> Oscar Niemeyer<br \/>\n <\/a><br \/>\n <a href=\"https:\/\/blogdaarquitetura.com\/assunto\/shigeru-ban\/\"><\/p>\n<p> Shigeru Ban<br \/>\n <\/a><br \/>\n <a href=\"https:\/\/blogdaarquitetura.com\/assunto\/shreve\/\"><\/p>\n<p> Shreve<br \/>\n <\/a><br \/>\n <a href=\"https:\/\/blogdaarquitetura.com\/assunto\/sydney\/\"><\/p>\n<p> Sydney<br \/>\n <\/a><\/p>\n","protected":false},"excerpt":{"rendered":"<p>Fotografia &Iacute;cones de constru&ccedil;&atilde;o da arquitetura: voc&ecirc; sabe o que? Escrito por: Lucie Ferreira em 02\/09\/2015 Sim, voc&ecirc; reconhece os &iacute;cones da arquitetura a arquitetura finalizado. Mas ele &eacute; constru&iacute;do? Eles tinham o mestre n&atilde;o s&oacute; em suas respectivas cidades, mas em todo o mundo. Alguns s&atilde;o cl&aacute;ssicos, outros contempor&acirc;neos, mas tudo o que permanecer&aacute; [&hellip;]<\/p>\n","protected":false},"author":0,"featured_media":0,"comment_status":"open","ping_status":"open","sticky":false,"template":"","format":"standard","meta":{"footnotes":""},"categories":[],"tags":[],"class_list":["post-7386","post","type-post","status-publish","format-standard","hentry"],"_links":{"self":[{"href":"https:\/\/blog.corretoraideal.com.br\/index.php\/wp-json\/wp\/v2\/posts\/7386","targetHints":{"allow":["GET"]}}],"collection":[{"href":"https:\/\/blog.corretoraideal.com.br\/index.php\/wp-json\/wp\/v2\/posts"}],"about":[{"href":"https:\/\/blog.corretoraideal.com.br\/index.php\/wp-json\/wp\/v2\/types\/post"}],"replies":[{"embeddable":true,"href":"https:\/\/blog.corretoraideal.com.br\/index.php\/wp-json\/wp\/v2\/comments?post=7386"}],"version-history":[{"count":1,"href":"https:\/\/blog.corretoraideal.com.br\/index.php\/wp-json\/wp\/v2\/posts\/7386\/revisions"}],"predecessor-version":[{"id":7393,"href":"https:\/\/blog.corretoraideal.com.br\/index.php\/wp-json\/wp\/v2\/posts\/7386\/revisions\/7393"}],"wp:attachment":[{"href":"https:\/\/blog.corretoraideal.com.br\/index.php\/wp-json\/wp\/v2\/media?parent=7386"}],"wp:term":[{"taxonomy":"category","embeddable":true,"href":"https:\/\/blog.corretoraideal.com.br\/index.php\/wp-json\/wp\/v2\/categories?post=7386"},{"taxonomy":"post_tag","embeddable":true,"href":"https:\/\/blog.corretoraideal.com.br\/index.php\/wp-json\/wp\/v2\/tags?post=7386"}],"curies":[{"name":"wp","href":"https:\/\/api.w.org\/{rel}","templated":true}]}}