{"id":7420,"date":"2018-07-31T17:28:26","date_gmt":"2018-07-31T17:28:26","guid":{"rendered":"http:\/\/corretoraideal.com.br\/blog\/index.php\/2018\/07\/31\/cca_title\/"},"modified":"2018-07-31T17:28:46","modified_gmt":"2018-07-31T17:28:46","slug":"a-interacao-das-criancas-com-imagens-muita-fofura","status":"publish","type":"post","link":"https:\/\/blog.corretoraideal.com.br\/index.php\/2018\/07\/31\/a-interacao-das-criancas-com-imagens-muita-fofura\/","title":{"rendered":"A intera\u00e7\u00e3o das crian\u00e7as com imagens: muita fofura!"},"content":{"rendered":"<p><\/img><\/p>\n<p>\t\t\t<a href=\"https:\/\/blogdaarquitetura.com\/categoria\/destaque\/\"><\/p>\n<p> Ver<br \/>\n <\/a><\/p>\n<h2>\n A intera&ccedil;&atilde;o das crian&ccedil;as com imagens: muita fofura!<\/h2>\n<p> Escrito por: <a href=\"https:\/\/blogdaarquitetura.com\/author\/nathalia-brogiatto\/\" title=\"Posts de Nathalia Brogiatto\" rel=\"author\">Nathalia Brogiatto<\/a> no 02\/09\/2015 <\/p>\n<p>As crian&ccedil;as sempre nos surpreender! Prova disso &eacute; a p&aacute;gina de fotografias <a href=\"https:\/\/www.facebook.com\/culturainfantilearte\" target=\"_blank\"><strong>Cultura infantil: a arte, a hist&oacute;ria e brincadeir<\/strong>as <\/a>compartilhada recentemente!<\/p>\n<p>A s&eacute;rie de fotos mostra crian&ccedil;as de diferentes partes do mundo &eacute; interagir com as imagens.<\/p>\n<p>Vale a pena conferir!<\/p>\n<p><img loading=\"lazy\" decoding=\"async\" class=\"aligncenter size-full wp-image-7422\" src=\"http:\/\/corretoraideal.com.br\/blog\/wp-content\/uploads\/2018\/07\/escultura-blog-da-arquitetura.jpeg\" alt=\"escultura blog da arquitetura\" width=\"800\" height=\"400\" \/><\/img><img loading=\"lazy\" decoding=\"async\" class=\"aligncenter size-full wp-image-7423\" src=\"http:\/\/corretoraideal.com.br\/blog\/wp-content\/uploads\/2018\/07\/escultura2-blog-da-arquitetura.jpeg\" alt=\"escultura2 blog da arquitetura\" width=\"800\" height=\"400\" \/><\/img><img loading=\"lazy\" decoding=\"async\" class=\"aligncenter size-full wp-image-7424\" src=\"http:\/\/corretoraideal.com.br\/blog\/wp-content\/uploads\/2018\/07\/escultura3-blog-da-arquitetura.jpeg\" alt=\"escultura3 blog da arquitetura\" width=\"800\" height=\"400\" \/><\/img><img loading=\"lazy\" decoding=\"async\" class=\"aligncenter size-full wp-image-7425\" src=\"http:\/\/corretoraideal.com.br\/blog\/wp-content\/uploads\/2018\/07\/escultura4-blog-da-arquitetura.jpeg\" alt=\"escultura4 blog da arquitetura\" width=\"800\" height=\"400\" \/><\/img><img loading=\"lazy\" decoding=\"async\" class=\"aligncenter size-full wp-image-7426\" src=\"http:\/\/corretoraideal.com.br\/blog\/wp-content\/uploads\/2018\/07\/escultura5-blog-da-arquitetura.jpeg\" alt=\"escultura5 blog da arquitetura\" width=\"800\" height=\"400\" \/><\/img><img loading=\"lazy\" decoding=\"async\" class=\"aligncenter size-full wp-image-7427\" src=\"http:\/\/corretoraideal.com.br\/blog\/wp-content\/uploads\/2018\/07\/escultura7-blog-da-arquitetura.jpeg\" alt=\"escultura7 blog da arquitetura\" width=\"800\" height=\"400\" \/><\/img><img loading=\"lazy\" decoding=\"async\" class=\"aligncenter size-full wp-image-7428\" src=\"http:\/\/corretoraideal.com.br\/blog\/wp-content\/uploads\/2018\/07\/escultura9-blog-da-arquitetura.jpeg\" alt=\"escultura9 blog da arquitetura\" width=\"800\" height=\"400\" \/><\/img><img loading=\"lazy\" decoding=\"async\" class=\"aligncenter size-full wp-image-7429\" src=\"http:\/\/corretoraideal.com.br\/blog\/wp-content\/uploads\/2018\/07\/escultura10-blog-da-arquitetura.jpeg\" alt=\"escultura10 blog da arquitetura\" width=\"800\" height=\"400\" \/><\/img><img loading=\"lazy\" decoding=\"async\" class=\"aligncenter size-full wp-image-7430\" src=\"http:\/\/corretoraideal.com.br\/blog\/wp-content\/uploads\/2018\/07\/escultura11-blog-da-arquitetura.jpeg\" alt=\"escultura11 blog da arquitetura\" width=\"800\" height=\"400\" \/><\/img><img loading=\"lazy\" decoding=\"async\" class=\"aligncenter size-full wp-image-7431\" src=\"http:\/\/corretoraideal.com.br\/blog\/wp-content\/uploads\/2018\/07\/escultura12-blog-da-arquitetura.jpeg\" alt=\"escultura12 blog da arquitetura\" width=\"800\" height=\"400\" \/><\/img><img loading=\"lazy\" decoding=\"async\" class=\"aligncenter size-full wp-image-7432\" src=\"http:\/\/corretoraideal.com.br\/blog\/wp-content\/uploads\/2018\/07\/escultura14-blog-da-arquitetura.jpeg\" alt=\"escultura14 blog da arquitetura\" width=\"800\" height=\"400\" \/><\/img><img loading=\"lazy\" decoding=\"async\" class=\"aligncenter size-full wp-image-7433\" src=\"http:\/\/corretoraideal.com.br\/blog\/wp-content\/uploads\/2018\/07\/escultura15-blog-da-arquitetura.jpeg\" alt=\"escultura15 blog da arquitetura\" width=\"800\" height=\"400\" \/><\/img><\/p>\n<p>&nbsp;<\/p>\n<p> 2 de setembro de 2015<br \/>\n <a href=\"#\" class=\"eltd-like\" id=\"eltd-like-4505-917\" title=\"Like this\"><i><\/i>0<\/a><br \/>\n <a class=\"eltd-post-info-comments\" href=\"https:\/\/blogdaarquitetura.com\/a-interacao-de-criancas-com-esculturas-muita-fofura\/#respond\" target=\"_self\"><\/p>\n<p> 0<br \/>\n <\/a><\/p>\n<ul>\n<li>\n\t<a class=\"eltd-share-link\" href=\"\/\/\"><\/p>\n<p>\t\t\t<\/a>\n<\/li>\n<li>\n\t<a class=\"eltd-share-link\" href=\"\/\/\"><\/p>\n<p>\t\t\t<\/a>\n<\/li>\n<li>\n\t<a class=\"eltd-share-link\" href=\"\/\/\"><\/p>\n<p>\t\t\t<\/a>\n<\/li>\n<li>\n\t<a class=\"eltd-share-link\" href=\"\/\/\"><\/p>\n<p>\t\t\t<\/a>\n<\/li>\n<\/ul>\n","protected":false},"excerpt":{"rendered":"<p>Ver A intera&ccedil;&atilde;o das crian&ccedil;as com imagens: muita fofura! Escrito por: Nathalia Brogiatto no 02\/09\/2015 As crian&ccedil;as sempre nos surpreender! Prova disso &eacute; a p&aacute;gina de fotografias Cultura infantil: a arte, a hist&oacute;ria e brincadeiras compartilhada recentemente! A s&eacute;rie de fotos mostra crian&ccedil;as de diferentes partes do mundo &eacute; interagir com as imagens. Vale a [&hellip;]<\/p>\n","protected":false},"author":0,"featured_media":0,"comment_status":"open","ping_status":"open","sticky":false,"template":"","format":"standard","meta":{"footnotes":""},"categories":[],"tags":[],"class_list":["post-7420","post","type-post","status-publish","format-standard","hentry"],"_links":{"self":[{"href":"https:\/\/blog.corretoraideal.com.br\/index.php\/wp-json\/wp\/v2\/posts\/7420","targetHints":{"allow":["GET"]}}],"collection":[{"href":"https:\/\/blog.corretoraideal.com.br\/index.php\/wp-json\/wp\/v2\/posts"}],"about":[{"href":"https:\/\/blog.corretoraideal.com.br\/index.php\/wp-json\/wp\/v2\/types\/post"}],"replies":[{"embeddable":true,"href":"https:\/\/blog.corretoraideal.com.br\/index.php\/wp-json\/wp\/v2\/comments?post=7420"}],"version-history":[{"count":1,"href":"https:\/\/blog.corretoraideal.com.br\/index.php\/wp-json\/wp\/v2\/posts\/7420\/revisions"}],"predecessor-version":[{"id":7434,"href":"https:\/\/blog.corretoraideal.com.br\/index.php\/wp-json\/wp\/v2\/posts\/7420\/revisions\/7434"}],"wp:attachment":[{"href":"https:\/\/blog.corretoraideal.com.br\/index.php\/wp-json\/wp\/v2\/media?parent=7420"}],"wp:term":[{"taxonomy":"category","embeddable":true,"href":"https:\/\/blog.corretoraideal.com.br\/index.php\/wp-json\/wp\/v2\/categories?post=7420"},{"taxonomy":"post_tag","embeddable":true,"href":"https:\/\/blog.corretoraideal.com.br\/index.php\/wp-json\/wp\/v2\/tags?post=7420"}],"curies":[{"name":"wp","href":"https:\/\/api.w.org\/{rel}","templated":true}]}}