{"id":7544,"date":"2018-08-01T15:22:35","date_gmt":"2018-08-01T15:22:35","guid":{"rendered":"http:\/\/corretoraideal.com.br\/blog\/index.php\/2018\/08\/01\/cca_title\/"},"modified":"2018-08-01T15:22:51","modified_gmt":"2018-08-01T15:22:51","slug":"o-stf-rejeitou-a-conciliacao-previa-e-obrigatoria-nos-litigios-de-trabalho-estudo","status":"publish","type":"post","link":"https:\/\/blog.corretoraideal.com.br\/index.php\/2018\/08\/01\/o-stf-rejeitou-a-conciliacao-previa-e-obrigatoria-nos-litigios-de-trabalho-estudo\/","title":{"rendered":"O STF rejeitou a concilia\u00e7\u00e3o pr\u00e9via \u00e9 obrigat\u00f3ria nos lit\u00edgios de trabalho | estudo"},"content":{"rendered":"<p><\/img><\/p>\n<p>O Supremo Tribunal federal decidiu hoje (1), por unanimidade, ser necess&aacute;rio que os conflitos trabalhistas s&atilde;o ouvidos pela comiss&atilde;o de concilia&ccedil;&atilde;o pr&eacute;via (arquivo\/)<\/p>\n<p>O plen&aacute;rio do Supremo tribunal federal (<strong><a href=\"https:\/\/exame.abril.com.br\/noticias-sobre\/stf\">STF<\/a><\/strong>) decidiu hoje (1), por unanimidade, ser necess&aacute;rio que os conflitos trabalhistas s&atilde;o ouvidos pela comiss&atilde;o de concilia&ccedil;&atilde;o pr&eacute;via, antes que as partes podem recorrer &agrave; justi&ccedil;a do trabalho.<\/p>\n<p>Desde Maio de 2009, a obrigatoriedade de a Comiss&atilde;o de concilia&ccedil;&atilde;o, anteriormente formada pelas empresas ou pelos sindicatos &ndash; previsto desde 2000 na consolida&ccedil;&atilde;o das leis do trabalho (CLT) &ndash; suspenso por for&ccedil;a de uma liminar (decis&atilde;o provis&oacute;ria) concedida pelo plen&aacute;rio do STF. Agora, esse entendimento torna-se definitiva.<\/p>\n<p>&#8220;A comiss&atilde;o de concilia&ccedil;&atilde;o pelo constituem meios leg&iacute;timos, mas n&atilde;o &eacute; obrigat&oacute;ria para a resolu&ccedil;&atilde;o dos conflitos&#8221;, disse o Relator do Presidente do STF, Ministra Carmen L&uacute;cia.<\/p>\n<p>Acompanhado ministra C&aacute;rmen L&uacute;cia, os Ministros Luiz Fux, Alexandre de Moraes, Edson Fachin, Luis Roberto Barroso, de Toffoli, Rosa Weber e Ricardo Lewandowski e Marco Aur&eacute;lio Mello. O ministro Gilmar Mendes e celso de Mello participaram do estudo.<\/p>\n<p>Prevaleceu a base de que o livre acesso aos tribunais do trabalho &eacute; um direito fundamental consagrado na Constitui&ccedil;&atilde;o, e, portanto, n&atilde;o pode ser limitado por lei.<\/p>\n<p>&#8220;H&aacute; uma necessidade de exaurimento de gest&atilde;o de estrada, a comiss&atilde;o de concilia&ccedil;&atilde;o n&atilde;o &eacute; nada mais do que uma via administrativa. Determinar a necessidade para este exaurimento significa que o direito fundamental de natureza administrativa exemplo, o que limitaria o acesso ao poder judici&aacute;rio&#8221;, disse Fachin.<\/p>\n<h3>Uma pequena diferen&ccedil;a<\/h3>\n<p>Edson Fachin rosa Weber divergiu da decis&atilde;o em rela&ccedil;&atilde;o a uma pequena parte da CLT. Para eles, assim como a op&ccedil;&atilde;o de compatibilidade das partes, de modo que eles n&atilde;o estar&atilde;o livres de san&ccedil;&otilde;es na Justi&ccedil;a da a&ccedil;&atilde;o, mesmo em decis&otilde;es que s&atilde;o inconsistentes com as acordado. Este entendimento, no entanto, foi derrotado por 7 a 2.<\/p>\n<p>&#8220;Eu n&atilde;o preciso que ele [reconcilia&ccedil;&atilde;o], mas se voc&ecirc; fizer isso, voc&ecirc; deve usar a Palavra&#8221;, disse dur&atilde;o Barroso para o pr&oacute;ximo ponto de compreender a maior parte.<\/p>\n","protected":false},"excerpt":{"rendered":"<p>O Supremo Tribunal federal decidiu hoje (1), por unanimidade, ser necess&aacute;rio que os conflitos trabalhistas s&atilde;o ouvidos pela comiss&atilde;o de concilia&ccedil;&atilde;o pr&eacute;via (arquivo\/) O plen&aacute;rio do Supremo tribunal federal (STF) decidiu hoje (1), por unanimidade, ser necess&aacute;rio que os conflitos trabalhistas s&atilde;o ouvidos pela comiss&atilde;o de concilia&ccedil;&atilde;o pr&eacute;via, antes que as partes podem recorrer &agrave; [&hellip;]<\/p>\n","protected":false},"author":0,"featured_media":0,"comment_status":"open","ping_status":"open","sticky":false,"template":"","format":"standard","meta":{"footnotes":""},"categories":[],"tags":[],"class_list":["post-7544","post","type-post","status-publish","format-standard","hentry"],"_links":{"self":[{"href":"https:\/\/blog.corretoraideal.com.br\/index.php\/wp-json\/wp\/v2\/posts\/7544","targetHints":{"allow":["GET"]}}],"collection":[{"href":"https:\/\/blog.corretoraideal.com.br\/index.php\/wp-json\/wp\/v2\/posts"}],"about":[{"href":"https:\/\/blog.corretoraideal.com.br\/index.php\/wp-json\/wp\/v2\/types\/post"}],"replies":[{"embeddable":true,"href":"https:\/\/blog.corretoraideal.com.br\/index.php\/wp-json\/wp\/v2\/comments?post=7544"}],"version-history":[{"count":1,"href":"https:\/\/blog.corretoraideal.com.br\/index.php\/wp-json\/wp\/v2\/posts\/7544\/revisions"}],"predecessor-version":[{"id":7546,"href":"https:\/\/blog.corretoraideal.com.br\/index.php\/wp-json\/wp\/v2\/posts\/7544\/revisions\/7546"}],"wp:attachment":[{"href":"https:\/\/blog.corretoraideal.com.br\/index.php\/wp-json\/wp\/v2\/media?parent=7544"}],"wp:term":[{"taxonomy":"category","embeddable":true,"href":"https:\/\/blog.corretoraideal.com.br\/index.php\/wp-json\/wp\/v2\/categories?post=7544"},{"taxonomy":"post_tag","embeddable":true,"href":"https:\/\/blog.corretoraideal.com.br\/index.php\/wp-json\/wp\/v2\/tags?post=7544"}],"curies":[{"name":"wp","href":"https:\/\/api.w.org\/{rel}","templated":true}]}}