{"id":7616,"date":"2018-08-02T09:25:24","date_gmt":"2018-08-02T09:25:24","guid":{"rendered":"http:\/\/corretoraideal.com.br\/blog\/index.php\/2018\/08\/02\/cca_title\/"},"modified":"2018-08-02T09:25:44","modified_gmt":"2018-08-02T09:25:44","slug":"exposicao-hello-kitty-todas-as-geracoes","status":"publish","type":"post","link":"https:\/\/blog.corretoraideal.com.br\/index.php\/2018\/08\/02\/exposicao-hello-kitty-todas-as-geracoes\/","title":{"rendered":"Exposi\u00e7\u00e3o Hello Kitty Todas As Gera\u00e7\u00f5es"},"content":{"rendered":"<p><\/img><\/p>\n<p>\t\t\t<a href=\"https:\/\/blogdaarquitetura.com\/categoria\/arte\/\"><\/p>\n<p> Arte<br \/>\n <\/a><\/p>\n<h2>\n Exposi&ccedil;&atilde;o Hello Kitty Todas As Gera&ccedil;&otilde;es<\/h2>\n<p> Escrito por: <a href=\"https:\/\/blogdaarquitetura.com\/author\/nathalia-brogiatto\/\" title=\"Posts de Nathalia Brogiatto\" rel=\"author\">Nathalia Brogiatto<\/a> no 04\/09\/2015 <\/p>\n<p><img loading=\"lazy\" decoding=\"async\" class=\"aligncenter size-full wp-image-7618\" src=\"http:\/\/corretoraideal.com.br\/blog\/wp-content\/uploads\/2018\/08\/hello2-kitty-all-generation-blog-da-arquitetura.png\" alt=\"hello2 kitty all generation blog da arquitetura\" width=\"800\" height=\"400\" \/><\/img><\/p>\n<p>Desde o &uacute;ltimo dia 23 acontece em S&atilde;o Paulo a exposi&ccedil;&atilde;o &#8220;Hello Kitty Todas as Gera&ccedil;&otilde;es&#8221;, mostra que reuniu mais de uma centena de pe&ccedil;as do famoso gato na gravata vermelha.<\/p>\n<p>Entre as exposi&ccedil;&otilde;es &eacute; indispens&aacute;vel pop estilizado com perolas e fofocas, o artesanato, uma Hello Kitty de fibra com 1,40 m, pessoal de arte criativa e moderna, as tabelas das artes pl&aacute;sticas em diferentes conceitos, um projeto de design de interiores para a sala vip of&acirc; aeroporto, um ventilador de teto inspirado no tradicional e inconfund&iacute;vel la&ccedil;o vermelho da personagem, uma loja de design de esmaltes, al&eacute;m de n&#8217;escolha das imagens.e diferentes vers&otilde;es de pinturas, ilustra&ccedil;&otilde;es e bonecas.<\/p>\n<p><img loading=\"lazy\" decoding=\"async\" class=\"aligncenter size-full wp-image-7619\" src=\"http:\/\/corretoraideal.com.br\/blog\/wp-content\/uploads\/2018\/08\/hello-kitty-all-generation3-blog-da-arquiteturablog-da-arquitetura.jpeg\" alt=\"hello kitty all generation3 blog da arquiteturablog da arquitetura\" width=\"800\" height=\"400\" \/><\/img><\/p>\n<p>Todas as obras da mostra &eacute; criado por alunos da escola Panamericana Escola de Arte e Design que, nos &uacute;ltimos meses, aceitou o desafio de desenvolver projetos inspirado no personagem criado no Jap&atilde;o em 1974, e que tem geword n&#8217;&iacute;cone da cultura pop por suas caracter&iacute;sticas.<\/p>\n<p>A exposi&ccedil;&atilde;o &eacute; gratuita e funciona de segunda a s&aacute;bado, at&eacute; o dia 12 de setembro.<\/p>\n<p><img loading=\"lazy\" decoding=\"async\" class=\"aligncenter size-full wp-image-7620\" src=\"http:\/\/corretoraideal.com.br\/blog\/wp-content\/uploads\/2018\/08\/hello4-kitty-all-generation-blog-da-arquitetura.png\" alt=\"hello4 kitty all generation blog da arquitetura\" width=\"800\" height=\"400\" \/><\/img><\/p>\n<h3>&#8220;A Exposi&ccedil;&atilde;o Hello Kitty Todas As Gera&ccedil;&otilde;es&#8221;<\/h3>\n<p>Panamericana Escola de Arte e Design<\/p>\n<p>Endere&ccedil;o: Rua Groenl&acirc;ndia, 77, Jardim Paulistano<\/p>\n<p>A partir de 23 de agosto a 12 de setembro; seg. sex., Das 9h &agrave;s 21h; s&aacute;b., a partir de 9 &agrave;s 13h<\/p>\n<p>Entrada gratuita<\/p>\n<p><img loading=\"lazy\" decoding=\"async\" class=\"aligncenter size-full wp-image-7621\" src=\"http:\/\/corretoraideal.com.br\/blog\/wp-content\/uploads\/2018\/08\/hello-kitty-all-generation4-blog-da-arquitetura.jpeg\" alt=\"hello kitty all generation4 blog da arquitetura\" width=\"800\" height=\"400\" \/><\/img><\/p>\n<p> 4 de setembro de 2015<br \/>\n <a href=\"#\" class=\"eltd-like\" id=\"eltd-like-4560-638\" title=\"Like this\"><i><\/i>0<\/a><br \/>\n <a class=\"eltd-post-info-comments\" href=\"https:\/\/blogdaarquitetura.com\/exposicao-hello-kitty-all-generations\/#respond\" target=\"_self\"><\/p>\n<p> 0<br \/>\n <\/a><\/p>\n<ul>\n<li>\n\t<a class=\"eltd-share-link\" href=\"\/\/\"><\/p>\n<p>\t\t\t<\/a>\n<\/li>\n<li>\n\t<a class=\"eltd-share-link\" href=\"\/\/\"><\/p>\n<p>\t\t\t<\/a>\n<\/li>\n<li>\n\t<a class=\"eltd-share-link\" href=\"\/\/\"><\/p>\n<p>\t\t\t<\/a>\n<\/li>\n<li>\n\t<a class=\"eltd-share-link\" href=\"\/\/\"><\/p>\n<p>\t\t\t<\/a>\n<\/li>\n<\/ul>\n<p>\t\t\t\t\t<a href=\"https:\/\/blogdaarquitetura.com\/assunto\/exposicao-hello-kitty\/\"><\/p>\n<p> Exposi&ccedil;&atilde;o Hello Kitty<br \/>\n <\/a><br \/>\n <a href=\"https:\/\/blogdaarquitetura.com\/assunto\/exposicao-hello-kitty-all-generations\/\"><\/p>\n<p> Exposi&ccedil;&atilde;o Hello Kitty Todas As Gera&ccedil;&otilde;es<br \/>\n <\/a><br \/>\n <a href=\"https:\/\/blogdaarquitetura.com\/assunto\/hello-kitty\/\"><\/p>\n<p> Hello Kitty<br \/>\n <\/a><br \/>\n <a href=\"https:\/\/blogdaarquitetura.com\/assunto\/panamericana-escola-de-arte-e-design\/\"><\/p>\n<p> Panamericana Escola de Arte e Design<br \/>\n <\/a><\/p>\n","protected":false},"excerpt":{"rendered":"<p>Arte Exposi&ccedil;&atilde;o Hello Kitty Todas As Gera&ccedil;&otilde;es Escrito por: Nathalia Brogiatto no 04\/09\/2015 Desde o &uacute;ltimo dia 23 acontece em S&atilde;o Paulo a exposi&ccedil;&atilde;o &#8220;Hello Kitty Todas as Gera&ccedil;&otilde;es&#8221;, mostra que reuniu mais de uma centena de pe&ccedil;as do famoso gato na gravata vermelha. Entre as exposi&ccedil;&otilde;es &eacute; indispens&aacute;vel pop estilizado com perolas e fofocas, [&hellip;]<\/p>\n","protected":false},"author":0,"featured_media":0,"comment_status":"open","ping_status":"open","sticky":false,"template":"","format":"standard","meta":{"footnotes":""},"categories":[],"tags":[],"class_list":["post-7616","post","type-post","status-publish","format-standard","hentry"],"_links":{"self":[{"href":"https:\/\/blog.corretoraideal.com.br\/index.php\/wp-json\/wp\/v2\/posts\/7616","targetHints":{"allow":["GET"]}}],"collection":[{"href":"https:\/\/blog.corretoraideal.com.br\/index.php\/wp-json\/wp\/v2\/posts"}],"about":[{"href":"https:\/\/blog.corretoraideal.com.br\/index.php\/wp-json\/wp\/v2\/types\/post"}],"replies":[{"embeddable":true,"href":"https:\/\/blog.corretoraideal.com.br\/index.php\/wp-json\/wp\/v2\/comments?post=7616"}],"version-history":[{"count":1,"href":"https:\/\/blog.corretoraideal.com.br\/index.php\/wp-json\/wp\/v2\/posts\/7616\/revisions"}],"predecessor-version":[{"id":7622,"href":"https:\/\/blog.corretoraideal.com.br\/index.php\/wp-json\/wp\/v2\/posts\/7616\/revisions\/7622"}],"wp:attachment":[{"href":"https:\/\/blog.corretoraideal.com.br\/index.php\/wp-json\/wp\/v2\/media?parent=7616"}],"wp:term":[{"taxonomy":"category","embeddable":true,"href":"https:\/\/blog.corretoraideal.com.br\/index.php\/wp-json\/wp\/v2\/categories?post=7616"},{"taxonomy":"post_tag","embeddable":true,"href":"https:\/\/blog.corretoraideal.com.br\/index.php\/wp-json\/wp\/v2\/tags?post=7616"}],"curies":[{"name":"wp","href":"https:\/\/api.w.org\/{rel}","templated":true}]}}