{"id":7729,"date":"2018-08-03T17:24:06","date_gmt":"2018-08-03T17:24:06","guid":{"rendered":"http:\/\/corretoraideal.com.br\/blog\/index.php\/2018\/08\/03\/cca_title\/"},"modified":"2018-08-03T17:24:28","modified_gmt":"2018-08-03T17:24:28","slug":"macri-quer-um-compromisso-contra-a-impunidade-apos-um-novo-caso-de-corrupcao-exame","status":"publish","type":"post","link":"https:\/\/blog.corretoraideal.com.br\/index.php\/2018\/08\/03\/macri-quer-um-compromisso-contra-a-impunidade-apos-um-novo-caso-de-corrupcao-exame\/","title":{"rendered":"Macri quer um compromisso contra a impunidade ap\u00f3s um novo caso de corrup\u00e7\u00e3o | exame"},"content":{"rendered":"<p><\/img><\/p>\n<p>O esc&acirc;ndalo foi investigado pelo jornal &#8220;La Naci&oacute;n &#8221; com base&#8221; em notas detalhadas em cadernos que s&atilde;o feitas pelo motorista de um dos ex-funcion&aacute;rios (Marcos Brindicci\/Reuters)<\/p>\n<p>Buenos Aires &ndash; a Presidente da <strong><a href=\"https:\/\/exame.abril.com.br\/noticias-sobre\/argentina\/\">Argentina<\/a><\/strong>, Mauricio macri, disse na sexta-feira que era necess&aacute;rio que a justi&ccedil;a para demonstrar que &#8220;n&atilde;o h&aacute; impunidade&#8221; no pa&iacute;s e divulgar, no caso, a quest&atilde;o da corrup&ccedil;&atilde;o, que investiga se os empres&aacute;rios s&atilde;o ex-funcion&aacute;rios de ex-funcion&aacute;rios p&uacute;blicos formou uma rede de suborno durante o Governo de Cristina e Nestor Kirchner.<\/p>\n<p>&#8220;Nos &uacute;ltimos dias vimos a not&iacute;cia de que se voc&ecirc; est&aacute; comprometido, se o n&uacute;mero confirma a eles muito negativo no refor&ccedil;o da confian&ccedil;a,&#8221; disse o Presidente, durante uma cerim&ocirc;nia, em Berna, na prov&iacute;ncia de Buenos Aires, que declarou a empr&eacute;stimos para aposentados e benefici&aacute;rios de programas sociais.<\/p>\n<p>Macri apontava diretamente para a alegada corrup&ccedil;&atilde;o, que ir&aacute; incluir o ex-presidente Cristina Fernandez de Kirchner (2007 a 2015), que &eacute; atualmente um membro do Senado, e seu falecido marido, o ex-presidente n&eacute;stor Kirchner (2003-2007).<\/p>\n<p>O esc&acirc;ndalo foi investigado pelo jornal &#8220;La Naci&oacute;n &#8221; com base&#8221; em notas detalhadas em cadernos que s&atilde;o feitas pelo motorista de um dos ex-empregados em comum e que levou a esta semana na a&ccedil;&atilde;o pelo Juiz Claudio Bonadio.<\/p>\n<p>&#8220;O que voc&ecirc; tem ouvido falar sobre esses livros e em todas essas coisas fazem que &eacute; dif&iacute;cil acreditar que n&oacute;s podemos, com a constru&ccedil;&atilde;o da Argentina &eacute; diferente, nos limites da lei, fazendo as coisas da mesma maneira. &Eacute; dif&iacute;cil&#8221;, disse macri.<\/p>\n<p>O presidente tamb&eacute;m acredita que, se houvesse uma mudan&ccedil;a de governo, em dezembro de 2015, o caso &#8220;n&atilde;o vem para a luz&#8221;, pois nenhum dos jornalistas e Bonadio, a &#8220;liberdade&#8221; para o Iraque.<\/p>\n<p>&#8220;Ent&atilde;o, n&oacute;s precisamos hoje, mais do que nunca, de que a justi&ccedil;a vai nos dizer se isso &eacute; verdade, mostra-nos que n&atilde;o h&aacute; impunidade. Porque n&oacute;s temos que acreditar que precisamos confiar em n&oacute;s mesmos que n&oacute;s vamos mudar essa situa&ccedil;&atilde;o&#8221;, disse macri.<\/p>\n<p>Neste sentido, o Presidente insistiu que a &#8220;grande maioria&#8221; da Argentina, quer para o progresso atrav&eacute;s do seu trabalho, sem nada &#8220;dotado&#8221;, mas ainda h&aacute; uma minoria que pensa o contr&aacute;rio.<\/p>\n<p>&#8220;Mudar significa que n&oacute;s n&atilde;o queremos uma sociedade onde alguns acreditam que os donos da verdade, muito menos os propriet&aacute;rios das mercadorias ( &#8230; ). N&atilde;o queremos mais poder para os arrogantes, prepotentes, mafia: n&oacute;s queremos que voc&ecirc; realmente todos n&oacute;s precisamos de comportar-se dentro da lei&#8221;, disse o Presidente.<\/p>\n<p>Assim, macri insistiu na necessidade de continuar a elaborar o que &eacute; chamado de Lei de extin&ccedil;&atilde;o de dom&iacute;nio de bens provenientes do crime, aprovado pela c&acirc;mara dos deputados em junho de 2016 e, desde ent&atilde;o, em an&aacute;lise no Senado.<\/p>\n<p>&#8220;O que acontece &eacute; doloroso&#8221;, disse macri, antes de sugerir que tal uma lei que permitir&aacute; aos cidad&atilde;os para se recuperar &#8220;fundos&#8221; que s&atilde;o &#8220;roubados&#8221;.<\/p>\n<p>Veja tamb&eacute;m<\/p>\n<ul>\n<li><a class=\"widget-news-thumb mini\" href=\"https:\/\/exame.abril.com.br\/mundo\/ex-funcionarios-do-governo-argentino-sao-presos-em-novo-caso-de-corrupcao\/\" rel=\"bookmark\"><img loading=\"lazy\" decoding=\"async\" class=\"aligncenter size-full wp-image-7731\" src=\"http:\/\/corretoraideal.com.br\/blog\/wp-content\/uploads\/2018\/08\/neblina-sobre-a-casa-rosada-em-buenos-aires-voos-cancelados-na-capital-argentina.jpeg\" alt=\"Neblina sobre a Casa Rosada, em Buenos Aires: voos cancelados na capital argentina\" width=\"800\" height=\"400\" \/><\/img><\/a><a href=\"\/mundo\" class=\"widget-news-item-category color-theme\">O mundo<\/a><a href=\"https:\/\/exame.abril.com.br\/mundo\/ex-funcionarios-do-governo-argentino-sao-presos-em-novo-caso-de-corrupcao\/\" class=\"\">de ex-funcion&aacute;rios do governo Argentino preso em caso de corrup&ccedil;&atilde;o<\/a><i>query_builder<\/i> 2 de agosto de 2018 &#8211; 09h08<\/li>\n<li><\/li>\n<\/ul>\n","protected":false},"excerpt":{"rendered":"<p>O esc&acirc;ndalo foi investigado pelo jornal &#8220;La Naci&oacute;n &#8221; com base&#8221; em notas detalhadas em cadernos que s&atilde;o feitas pelo motorista de um dos ex-funcion&aacute;rios (Marcos Brindicci\/Reuters) Buenos Aires &ndash; a Presidente da Argentina, Mauricio macri, disse na sexta-feira que era necess&aacute;rio que a justi&ccedil;a para demonstrar que &#8220;n&atilde;o h&aacute; impunidade&#8221; no pa&iacute;s e divulgar, [&hellip;]<\/p>\n","protected":false},"author":0,"featured_media":0,"comment_status":"open","ping_status":"open","sticky":false,"template":"","format":"standard","meta":{"footnotes":""},"categories":[],"tags":[],"class_list":["post-7729","post","type-post","status-publish","format-standard","hentry"],"_links":{"self":[{"href":"https:\/\/blog.corretoraideal.com.br\/index.php\/wp-json\/wp\/v2\/posts\/7729","targetHints":{"allow":["GET"]}}],"collection":[{"href":"https:\/\/blog.corretoraideal.com.br\/index.php\/wp-json\/wp\/v2\/posts"}],"about":[{"href":"https:\/\/blog.corretoraideal.com.br\/index.php\/wp-json\/wp\/v2\/types\/post"}],"replies":[{"embeddable":true,"href":"https:\/\/blog.corretoraideal.com.br\/index.php\/wp-json\/wp\/v2\/comments?post=7729"}],"version-history":[{"count":1,"href":"https:\/\/blog.corretoraideal.com.br\/index.php\/wp-json\/wp\/v2\/posts\/7729\/revisions"}],"predecessor-version":[{"id":7732,"href":"https:\/\/blog.corretoraideal.com.br\/index.php\/wp-json\/wp\/v2\/posts\/7729\/revisions\/7732"}],"wp:attachment":[{"href":"https:\/\/blog.corretoraideal.com.br\/index.php\/wp-json\/wp\/v2\/media?parent=7729"}],"wp:term":[{"taxonomy":"category","embeddable":true,"href":"https:\/\/blog.corretoraideal.com.br\/index.php\/wp-json\/wp\/v2\/categories?post=7729"},{"taxonomy":"post_tag","embeddable":true,"href":"https:\/\/blog.corretoraideal.com.br\/index.php\/wp-json\/wp\/v2\/tags?post=7729"}],"curies":[{"name":"wp","href":"https:\/\/api.w.org\/{rel}","templated":true}]}}