{"id":7766,"date":"2018-08-04T11:26:57","date_gmt":"2018-08-04T11:26:57","guid":{"rendered":"http:\/\/corretoraideal.com.br\/blog\/index.php\/2018\/08\/04\/cca_title\/"},"modified":"2018-08-04T11:27:14","modified_gmt":"2018-08-04T11:27:14","slug":"interacao-em-parques-pracas-e-jardins","status":"publish","type":"post","link":"https:\/\/blog.corretoraideal.com.br\/index.php\/2018\/08\/04\/interacao-em-parques-pracas-e-jardins\/","title":{"rendered":"Intera\u00e7\u00e3o em parques, pra\u00e7as e jardins"},"content":{"rendered":"<p><\/img><\/p>\n<p>\t\t\t<a href=\"https:\/\/blogdaarquitetura.com\/categoria\/paisagismo\/\"><\/p>\n<p> Paisagismo<br \/>\n <\/a><\/p>\n<h2>\n Intera&ccedil;&atilde;o em parques, pra&ccedil;as e jardins<\/h2>\n<p> Escrito por: <a href=\"https:\/\/blogdaarquitetura.com\/author\/flavia-felice\/\" title=\"Posts de Flavia Felice\" rel=\"author\">Flavia Felice<\/a> em 08\/09\/2015 <\/p>\n<p>Um passeio com a fam&iacute;lia e pedir vir n&#8217;viagem para o parque e um momento de relaxamento vir n&#8217;bom come&ccedil;o para o dia.<\/p>\n<p>Ainda mais do que o espa&ccedil;o p&uacute;blico convida voc&ecirc; a se comunicar de diferentes maneiras. Ver grandes ideias para o mundo que os Usu&aacute;rios da Arquitetura escolhida. Inspire-se!<\/p>\n<p><img loading=\"lazy\" decoding=\"async\" class=\"aligncenter size-full wp-image-7768\" src=\"http:\/\/corretoraideal.com.br\/blog\/wp-content\/uploads\/2018\/08\/jardins3-blogarquitetura.jpeg\" alt=\"jardins3 blogarquitetura\" width=\"800\" height=\"400\" \/><\/img><\/p>\n<p><img loading=\"lazy\" decoding=\"async\" class=\"aligncenter size-full wp-image-7769\" src=\"http:\/\/corretoraideal.com.br\/blog\/wp-content\/uploads\/2018\/08\/jardins4-blogarquitetura.jpeg\" alt=\"jardins4 blogarquitetura\" width=\"800\" height=\"400\" \/><\/img><\/p>\n<p><img loading=\"lazy\" decoding=\"async\" class=\"aligncenter size-full wp-image-7770\" src=\"http:\/\/corretoraideal.com.br\/blog\/wp-content\/uploads\/2018\/08\/jardins5-blogarquitetura.jpeg\" alt=\"jardins5 blogarquitetura\" width=\"800\" height=\"400\" \/><\/img><\/p>\n<p><img loading=\"lazy\" decoding=\"async\" class=\"aligncenter size-full wp-image-7771\" src=\"http:\/\/corretoraideal.com.br\/blog\/wp-content\/uploads\/2018\/08\/jardins7-blogarquitetura.jpeg\" alt=\"jardins7 blogarquitetura\" width=\"800\" height=\"400\" \/><\/img><img loading=\"lazy\" decoding=\"async\" class=\"aligncenter size-full wp-image-7772\" src=\"http:\/\/corretoraideal.com.br\/blog\/wp-content\/uploads\/2018\/08\/jardins8-blogarquitetura.jpeg\" alt=\"jardins8 blogarquitetura\" width=\"800\" height=\"400\" \/><\/img><\/p>\n<p><img loading=\"lazy\" decoding=\"async\" class=\"aligncenter size-full wp-image-7773\" src=\"http:\/\/corretoraideal.com.br\/blog\/wp-content\/uploads\/2018\/08\/jardins9-blogarquitetura.jpeg\" alt=\"jardins9 blogarquitetura\" width=\"800\" height=\"400\" \/><\/img><\/p>\n<p><img loading=\"lazy\" decoding=\"async\" class=\"aligncenter size-full wp-image-7774\" src=\"http:\/\/corretoraideal.com.br\/blog\/wp-content\/uploads\/2018\/08\/jardins-blogarquitetura.jpeg\" alt=\"jardins blogarquitetura\" width=\"800\" height=\"400\" \/><\/img><img loading=\"lazy\" decoding=\"async\" class=\"aligncenter size-full wp-image-7775\" src=\"http:\/\/corretoraideal.com.br\/blog\/wp-content\/uploads\/2018\/08\/jardins1-blogarquitetura.jpeg\" alt=\"jardins1 blogarquitetura\" width=\"800\" height=\"400\" \/><\/img><img loading=\"lazy\" decoding=\"async\" class=\"aligncenter size-full wp-image-7776\" src=\"http:\/\/corretoraideal.com.br\/blog\/wp-content\/uploads\/2018\/08\/jardins2-blogarquitetura.jpeg\" alt=\"jardins2 blogarquitetura\" width=\"800\" height=\"400\" \/><\/img><\/p>\n<p> 8 de setembro de 2015<br \/>\n <a href=\"#\" class=\"eltd-like\" id=\"eltd-like-4625-662\" title=\"Like this\"><i><\/i>0<\/a><br \/>\n <a class=\"eltd-post-info-comments\" href=\"https:\/\/blogdaarquitetura.com\/interacao-em-parques-pracas-e-jardins\/#respond\" target=\"_self\"><\/p>\n<p> 0<br \/>\n <\/a><\/p>\n<ul>\n<li>\n\t<a class=\"eltd-share-link\" href=\"\/\/\"><\/p>\n<p>\t\t\t<\/a>\n<\/li>\n<li>\n\t<a class=\"eltd-share-link\" href=\"\/\/\"><\/p>\n<p>\t\t\t<\/a>\n<\/li>\n<li>\n\t<a class=\"eltd-share-link\" href=\"\/\/\"><\/p>\n<p>\t\t\t<\/a>\n<\/li>\n<li>\n\t<a class=\"eltd-share-link\" href=\"\/\/\"><\/p>\n<p>\t\t\t<\/a>\n<\/li>\n<\/ul>\n<p>\t\t\t\t\t<a href=\"https:\/\/blogdaarquitetura.com\/assunto\/espacos-para-convivio\/\"><\/p>\n<p> espa&ccedil;os para intera&ccedil;&atilde;o<br \/>\n <\/a><br \/>\n <a href=\"https:\/\/blogdaarquitetura.com\/assunto\/espacos-publicos\/\"><\/p>\n<p> espa&ccedil;os p&uacute;blicos<br \/>\n <\/a><br \/>\n <a href=\"https:\/\/blogdaarquitetura.com\/assunto\/espacos-urbanos\/\"><\/p>\n<p> espa&ccedil;os urbanos<br \/>\n <\/a><br \/>\n <a href=\"https:\/\/blogdaarquitetura.com\/assunto\/jardim-urbano\/\"><\/p>\n<p> jardim urbano<br \/>\n <\/a><br \/>\n <a href=\"https:\/\/blogdaarquitetura.com\/assunto\/praca-urbana\/\"><\/p>\n<p> pra&ccedil;a urbana<br \/>\n <\/a><\/p>\n","protected":false},"excerpt":{"rendered":"<p>Paisagismo Intera&ccedil;&atilde;o em parques, pra&ccedil;as e jardins Escrito por: Flavia Felice em 08\/09\/2015 Um passeio com a fam&iacute;lia e pedir vir n&#8217;viagem para o parque e um momento de relaxamento vir n&#8217;bom come&ccedil;o para o dia. Ainda mais do que o espa&ccedil;o p&uacute;blico convida voc&ecirc; a se comunicar de diferentes maneiras. Ver grandes ideias para [&hellip;]<\/p>\n","protected":false},"author":0,"featured_media":0,"comment_status":"open","ping_status":"open","sticky":false,"template":"","format":"standard","meta":{"footnotes":""},"categories":[],"tags":[],"class_list":["post-7766","post","type-post","status-publish","format-standard","hentry"],"_links":{"self":[{"href":"https:\/\/blog.corretoraideal.com.br\/index.php\/wp-json\/wp\/v2\/posts\/7766","targetHints":{"allow":["GET"]}}],"collection":[{"href":"https:\/\/blog.corretoraideal.com.br\/index.php\/wp-json\/wp\/v2\/posts"}],"about":[{"href":"https:\/\/blog.corretoraideal.com.br\/index.php\/wp-json\/wp\/v2\/types\/post"}],"replies":[{"embeddable":true,"href":"https:\/\/blog.corretoraideal.com.br\/index.php\/wp-json\/wp\/v2\/comments?post=7766"}],"version-history":[{"count":1,"href":"https:\/\/blog.corretoraideal.com.br\/index.php\/wp-json\/wp\/v2\/posts\/7766\/revisions"}],"predecessor-version":[{"id":7777,"href":"https:\/\/blog.corretoraideal.com.br\/index.php\/wp-json\/wp\/v2\/posts\/7766\/revisions\/7777"}],"wp:attachment":[{"href":"https:\/\/blog.corretoraideal.com.br\/index.php\/wp-json\/wp\/v2\/media?parent=7766"}],"wp:term":[{"taxonomy":"category","embeddable":true,"href":"https:\/\/blog.corretoraideal.com.br\/index.php\/wp-json\/wp\/v2\/categories?post=7766"},{"taxonomy":"post_tag","embeddable":true,"href":"https:\/\/blog.corretoraideal.com.br\/index.php\/wp-json\/wp\/v2\/tags?post=7766"}],"curies":[{"name":"wp","href":"https:\/\/api.w.org\/{rel}","templated":true}]}}