{"id":7967,"date":"2018-08-06T15:24:51","date_gmt":"2018-08-06T15:24:51","guid":{"rendered":"http:\/\/corretoraideal.com.br\/blog\/index.php\/2018\/08\/06\/cca_title\/"},"modified":"2018-08-06T15:24:59","modified_gmt":"2018-08-06T15:24:59","slug":"brasileiro-de-producao-de-veiculos-cai-41-em-julho-diz-anfavea-exame","status":"publish","type":"post","link":"https:\/\/blog.corretoraideal.com.br\/index.php\/2018\/08\/06\/brasileiro-de-producao-de-veiculos-cai-41-em-julho-diz-anfavea-exame\/","title":{"rendered":"Brasileiro de produ\u00e7\u00e3o de ve\u00edculos cai 4,1% em julho, diz Anfavea | exame"},"content":{"rendered":"<p><\/img><\/p>\n<p>Brasileiro de produ&ccedil;&atilde;o de autom&oacute;veis, em julho, um crescimento de 4,1% em rela&ccedil;&atilde;o a junho (Michel T&eacute;o sin\/exame)<\/p>\n<p>S&atilde;o Paulo &ndash; Brasil produ&ccedil;&atilde;o de <strong><a href=\"https:\/\/exame.abril.com.br\/noticias-sobre\/veiculos\/\">carros<\/a> <\/strong>em julho, caiu 4,1 por cento em junho, uma queda de 9,3 por cento em compara&ccedil;&atilde;o com julho do ano passado, a adi&ccedil;&atilde;o de 245,8 mil ve&iacute;culos, de acordo com a Associa&ccedil;&atilde;o Nacional dos fabricantes de ve&iacute;culos automotores (Anfavea) nesta segunda-feira.<\/p>\n<p>No exerc&iacute;cio findo em julho, a ind&uacute;stria tem produzido partidos $ 1.68 milh&otilde;es de ve&iacute;culos comerciais leves, caminh&otilde;es, &ocirc;nibus, alta de 13 por cento em compara&ccedil;&atilde;o com o mesmo per&iacute;odo do ano passado.<\/p>\n<p>Vendas de carros novos em julho, teve um aumento de 7,7 por cento na compara&ccedil;&atilde;o mensal e t&ecirc;m avan&ccedil;ado de 17,7% ao ano, em compara&ccedil;&atilde;o, 217,5 mil unidades.<\/p>\n","protected":false},"excerpt":{"rendered":"<p>Brasileiro de produ&ccedil;&atilde;o de autom&oacute;veis, em julho, um crescimento de 4,1% em rela&ccedil;&atilde;o a junho (Michel T&eacute;o sin\/exame) S&atilde;o Paulo &ndash; Brasil produ&ccedil;&atilde;o de carros em julho, caiu 4,1 por cento em junho, uma queda de 9,3 por cento em compara&ccedil;&atilde;o com julho do ano passado, a adi&ccedil;&atilde;o de 245,8 mil ve&iacute;culos, de acordo com [&hellip;]<\/p>\n","protected":false},"author":0,"featured_media":0,"comment_status":"open","ping_status":"open","sticky":false,"template":"","format":"standard","meta":{"footnotes":""},"categories":[],"tags":[],"class_list":["post-7967","post","type-post","status-publish","format-standard","hentry"],"_links":{"self":[{"href":"https:\/\/blog.corretoraideal.com.br\/index.php\/wp-json\/wp\/v2\/posts\/7967","targetHints":{"allow":["GET"]}}],"collection":[{"href":"https:\/\/blog.corretoraideal.com.br\/index.php\/wp-json\/wp\/v2\/posts"}],"about":[{"href":"https:\/\/blog.corretoraideal.com.br\/index.php\/wp-json\/wp\/v2\/types\/post"}],"replies":[{"embeddable":true,"href":"https:\/\/blog.corretoraideal.com.br\/index.php\/wp-json\/wp\/v2\/comments?post=7967"}],"version-history":[{"count":1,"href":"https:\/\/blog.corretoraideal.com.br\/index.php\/wp-json\/wp\/v2\/posts\/7967\/revisions"}],"predecessor-version":[{"id":7969,"href":"https:\/\/blog.corretoraideal.com.br\/index.php\/wp-json\/wp\/v2\/posts\/7967\/revisions\/7969"}],"wp:attachment":[{"href":"https:\/\/blog.corretoraideal.com.br\/index.php\/wp-json\/wp\/v2\/media?parent=7967"}],"wp:term":[{"taxonomy":"category","embeddable":true,"href":"https:\/\/blog.corretoraideal.com.br\/index.php\/wp-json\/wp\/v2\/categories?post=7967"},{"taxonomy":"post_tag","embeddable":true,"href":"https:\/\/blog.corretoraideal.com.br\/index.php\/wp-json\/wp\/v2\/tags?post=7967"}],"curies":[{"name":"wp","href":"https:\/\/api.w.org\/{rel}","templated":true}]}}